{"id":1425,"date":"2024-09-30T14:27:42","date_gmt":"2024-09-30T12:27:42","guid":{"rendered":"https:\/\/kupoge.de\/blog\/?p=1425"},"modified":"2024-09-30T15:34:55","modified_gmt":"2024-09-30T13:34:55","slug":"futures-literacy-zukuenftekompetenz-als-politische-praxis","status":"publish","type":"post","link":"https:\/\/kupoge.de\/blog\/2024\/09\/30\/futures-literacy-zukuenftekompetenz-als-politische-praxis\/","title":{"rendered":"Futures Literacy \u2013 Zuk\u00fcnftekompetenz als politische Praxis"},"content":{"rendered":"\n<p>Wie w\u00fcrde eine Welt aussehen, in der wir bestm\u00f6glich ausgestattet sind, gerechte, solidarische und f\u00fcrsorgliche Zuk\u00fcnfte zu gestalten? In der wir nicht nur mutige Ideen und Visionen haben, sondern auch die Werkzeuge und Methoden, um diese Wirklichkeit werden zu lassen?<\/p>\n\n\n\n<p>Wenn ich dar\u00fcber spreche, dass wir bei <a href=\"https:\/\/superrr.net\/\">SUPERRR<\/a> digitalpolitische Themen gesamtgesellschaftlich kontextualisieren, mit dem Ziel, gerechtere und vielf\u00e4ltigere Zukunftsvisionen zu gestalten, tun viele Menschen das als feministische Tr\u00e4umereien und Wunschdenken ab.<\/p>\n\n\n\n<p>Warum eigentlich? Warum sind wir so viel lieber bereit dazu, viel zitierten Gemeinpl\u00e4tzen Glauben zu schenken und aktuelle Zust\u00e4nde zu unverr\u00fcckbaren Tatsachen zu erkl\u00e4ren? Und das, obwohl wir doch tagt\u00e4glich sehen und erleben, dass unsere altbekannten Denkweisen und Ans\u00e4tzen nicht greifen \u2013 sie weder wirkliche L\u00f6sungen f\u00fcr die viel beschworenen Polykrisen bereithalten noch auf Zuk\u00fcnfte hinwirken, die Sicherheit, Gerechtigkeit und Sorge f\u00fcr und um alle Menschen, unsere Umwelt, unser \u00d6kosystem priorisieren.<\/p>\n\n\n\n<p>Die Erz\u00e4hlungen, die wir als Gesellschaft haben, bestimmen, wie wir auf die Welt blicken, was und wie wir denken und uns vorstellen (k\u00f6nnen). Umgekehrt bestimmt unsere Denk- und Vorstellungskraft diese Erz\u00e4hlungen \u2013 und manifestiert damit auch unsere Realit\u00e4ten. Statt mutige Visionen zu entwerfen, sehen wir gerade vor allem Erz\u00e4hlungen, die den Status-quo als vermeintlich unausweichliche Kontinuit\u00e4t festschreiben.<\/p>\n\n\n\n<p>Debatten um Digitalisierung und technologische Entwicklungen bedienen h\u00e4ufig einseitige Narrative von Innovation, Effizienzsteigerung und Wirtschaftswachstum. Oft sind es aber genau ebendiese Narrative, die die negativen Auswirkungen von Technologie befeuern und am st\u00e4rksten marginalisierte Gruppen betreffen \u2013 seien es Verletzungen der Privatsph\u00e4re oder Datenverzerrungen beim maschinellen Lernen, die Ungleichheiten in der realen Welt reproduzieren.<\/p>\n\n\n\n<p>Digitalisierung muss gesamtgesellschaftlich betrachtet werden, um die oft unsichtbaren Machtstrukturen, unausgesprochenen (Vor)Annahmen und systemischen Zusammenh\u00e4nge sichtbar zu machen. Das bedeutet auch, Innovationsnarrative in Frage zu stellen. Welche Interessen verfolgen sie, welche impliziten Werte und Weltbilder, Perspektiven und Positioniertheiten haben sie im Blick \u2013 und welche werden au\u00dfen vor gelassen? Auf welche Zuk\u00fcnfte zahlen sie ein? Und: Ist eine technische L\u00f6sung wirklich die richtige L\u00f6sung? Denn allzu oft stecken Diskurse um Digitalisierung in \u00bbTechniksolutionismus\u00ab und kleinteiligen Regulierungsversuchen fest, die im Schadensbegrenzungsmodus verharren und das gro\u00dfe Ganze nicht im Blick haben. Aber Schadensbegrenzung verspricht weder Heilung noch packt sie Probleme an ihrer Wurzel.<\/p>\n\n\n\n<p>Wie k\u00f6nnte es anders gehen? Wie k\u00f6nnen wir alternative Visionen und Erz\u00e4hlungen entwickeln, die auf gerechtere Zuk\u00fcnfte hinarbeiten \u2013 Zuk\u00fcnfte im Plural, die der Unterschiedlichkeit an Perspektiven, Visionen und Hoffnungen wirklich Rechnung tragen? Wie k\u00f6nnen wir Allianzen schmieden, die uns erlauben, das Wissen und die Vorstellungskraft unterschiedlicher Disziplinen, Arbeitsfelder und Menschen zusammenzubringen? Und welche R\u00e4ume braucht es, damit diese Zuk\u00fcnfte bereits im Hier und Jetzt verk\u00f6rpert \u2013 sie sp\u00fcrbar und erfahrbar werden?<\/p>\n\n\n\n<p>Ein Zitat der wunderbaren Wissenschaftlerin und Autorin bell hooks bietet einen Ausgangspunkt: <a href=\"https:\/\/wtf.tw\/ref\/hooks.pdf\">\u00bbWhat we cannot imagine cannot come into being\u00ab<\/a> (\u00bbWas wir uns nicht vorstellen k\u00f6nnen, kann auch nicht Wirklichkeit werden\u00ab). Wie also k\u00f6nnen wir unsere Vorstellungskraft st\u00e4rken?<\/p>\n\n\n\n<p>\u00bbFutures Literacy\u00ab ist die Kompetenz, unterschiedliche Zuk\u00fcnfte zu imaginieren, zu antizipieren und zu planen. Sie erm\u00f6glicht es uns, unsere Erz\u00e4hlungen \u00fcber das, was war, ist und sein k\u00f6nnte, kritisch zu befragen und alternative und w\u00fcnschenswerte Zust\u00e4nde zu imaginieren, die sich in konkrete Ma\u00dfnahmen und Handlungsm\u00f6glichkeiten \u00fcbersetzen lassen.<\/p>\n\n\n\n<p>Wie eine zivilgesellschaftliche Allianz aussehen k\u00f6nnte, die gemeinschaftlich und strategisch auf w\u00fcnschenswerte Zuk\u00fcnfte hinarbeitet, haben wir in unserem Pilotprogramm<a href=\"https:\/\/superrr.net\/project\/futuresliteracy\/\"> Futures Literacy for Civil Society<\/a> erprobt. Gemeinsam mit zw\u00f6lf zivilgesellschaftlichen Organisationen haben wir \u00bbZuk\u00fcnftekompetenz\u00ab aufgebaut, Methoden getestet und alternative Zukunftsr\u00e4ume entworfen. Ein wichtiger Schritt war hierbei, sichtbar zu machen, dass dominante Erz\u00e4hlungen nicht einfach so da sind, sondern Interessen verfolgen, bestimmte Werte und Normen, Personengruppen und Positioniertheiten im Blick haben und andere au\u00dfen vorlassen. Denn das bedeutet auch: Sie sind ver\u00e4nderbar und gestaltbar! Ein machtkritischer wertebasierter Ansatz und das Zusammenbringen unterschiedlicher Perspektiven erm\u00f6glicht es, Risiken zu antizipieren, Entscheidungen zu diversifizieren und somit alternative Szenarien zu entwickeln.<\/p>\n\n\n\n<p>Gerade Kunst- und Kulturr\u00e4ume haben ein unglaubliches Potenzial, diese Form der Zusammenarbeit, des gemeinsamen Imaginierens, aber auch des k\u00f6rperlich Sp\u00fcr- und Erfahrbarmachens zu erm\u00f6glichen \u2013 sind sie doch per se immer schon Orte des Experimentierens, der ungewohnten Denkpfade und Sch\u00f6pfungskraft. Denn Zuk\u00fcnftearbeit ist nicht nur Methodenarbeit, sie ist auch somatische Praxis und Verk\u00f6rperung, die als performativer Akt Wirklichkeit erzeugt \u2013 im Hier und Jetzt.<\/p>\n\n\n\n<p>Damit diese R\u00e4ume Realit\u00e4t werden und wir von der Vorstellung in die Umsetzung kommen, braucht es strukturellen Wandel. Wenn Inklusion und Diversit\u00e4t mehr sein sollen als Buzzwords, braucht es andere Rahmenbedingungen, die diese Art der Arbeit, insbesondere von marginalisierten Communities, explizit f\u00f6rdert. Das bedeutet konkret: ein Umdenken von F\u00f6rderlogiken in Richtung Verl\u00e4sslichkeit, Nachhaltigkeit und ernsthafte Beteiligungsprozesse. Mehr Geld, langfristige Planbarkeit f\u00fcr Mitarbeiter*innen, weniger Arbeitsbelastung, Sicherheit und Anerkennung, damit diese R\u00e4ume der Wissensvermittlung und der gelebten politische Praxis Wirklichkeit werden k\u00f6nnen. Denn es ist zutiefst politisch, wer \u00fcber Zuk\u00fcnfte nachdenkt, sie imaginiert, ersehnt, plant und erschafft. Und: Wer \u00fcberhaupt die Zeit, Ressourcen, Lebensbedingungen hat, Zuk\u00fcnftearbeit zu leisten.<\/p>\n\n\n\n<p><a href=\"https:\/\/commongood.cc\/reader\/a-few-rules-for-predicting-the-future-by-octavia-e-butler\/\">\u00bbWhere we stand determines what we\u2019re able to see\u00ab<\/a><a href=\"https:\/\/commongood.cc\/reader\/a-few-rules-for-predicting-the-future-by-octavia-e-butler\/\"><\/a><a href=\"https:\/\/commongood.cc\/reader\/a-few-rules-for-predicting-the-future-by-octavia-e-butler\/\"> <\/a>(\u00bbWo wir stehen [Anm. der Verf.: im Sinne unserer eigenen Positioniertheit, Werte, Normen] bestimmt, welche Blickwinkel\/Standpunkt wir einnehmen k\u00f6nnen\u00ab), so die Schriftstellerin Octavia Butler. Im Moment hat vor allem ein kleiner, sehr privilegierter Teil unserer Gesellschaft \u00fcberhaupt die M\u00f6glichkeiten, Zuk\u00fcnfte zu gestalten. Das hat zwangsl\u00e4ufig Auswirkungen auf die Zukunftvisionen und -szenarien, die uns umgeben. Wenn wir wirklich an gerechteren Zuk\u00fcnften bauen wollen, brauchen wir vielf\u00e4ltige Perspektiven, Ideen und Visionen \u2013 und die Repr\u00e4sentation und Sichtbarkeit von marginalisierten Communities, Menschen mit (un)sichtbaren Behinderungen, migrantischen, queeren, nicht-wei\u00dfen Personen, Menschen mit Fluchterfahrung, Menschen, die prek\u00e4r leben, aus nicht akademisierten Kontexten kommen.<\/p>\n\n\n\n<p>Zuk\u00fcnftekompetenz f\u00f6rdert eine informierte und gestalterische Haltung \u2013 so auch zu digitalen Technologien. Sie erm\u00f6glicht es nicht nur, Themen und Fragestellungen zukunftsorientiert und multiperspektivisch zu denken, sondern ist auch eine Grundvoraussetzung, damit sich Menschen kritisch und selbstbestimmt in digitale R\u00e4ume einbringen. Die Erfahrung, dass Gegenwarte und Zuk\u00fcnfte nicht gesetzt, sondern gestaltbar sind, st\u00e4rkt die Handlungsmacht, die eigene Wirksamkeit in der Welt und macht damit die Beteiligung und Freude an kritischen Debatten und demokratischen Diskursen erfahrbar. Wie sehen neue und hoffnungsvolle Erz\u00e4hlungen und Ans\u00e4tze f\u00fcr die Zukunft unserer Gesellschaft aus? Welche gerechteren Szenarien und Visionen k\u00f6nnen wir imaginieren, wenn wir uns nur trauen? Zeit es herauszufinden!<\/p>\n\n\n\n<hr class=\"wp-block-separator has-alpha-channel-opacity\"\/>\n\n\n\n<div class=\"wp-block-columns is-layout-flex wp-container-core-columns-is-layout-9d6595d7 wp-block-columns-is-layout-flex\">\n<div class=\"wp-block-column is-layout-flow wp-block-column-is-layout-flow\" style=\"flex-basis:33.33%\">\n<figure class=\"wp-block-image size-large\"><img loading=\"lazy\" decoding=\"async\" width=\"683\" height=\"1024\" src=\"https:\/\/kupoge.de\/blog\/wp-content\/uploads\/2024\/09\/Nandita_SUPERRR-683x1024.jpg\" alt=\"\" class=\"wp-image-1426\" srcset=\"https:\/\/kupoge.de\/blog\/wp-content\/uploads\/2024\/09\/Nandita_SUPERRR-683x1024.jpg 683w, https:\/\/kupoge.de\/blog\/wp-content\/uploads\/2024\/09\/Nandita_SUPERRR-200x300.jpg 200w, https:\/\/kupoge.de\/blog\/wp-content\/uploads\/2024\/09\/Nandita_SUPERRR-768x1152.jpg 768w, https:\/\/kupoge.de\/blog\/wp-content\/uploads\/2024\/09\/Nandita_SUPERRR-1024x1536.jpg 1024w, https:\/\/kupoge.de\/blog\/wp-content\/uploads\/2024\/09\/Nandita_SUPERRR-1365x2048.jpg 1365w, https:\/\/kupoge.de\/blog\/wp-content\/uploads\/2024\/09\/Nandita_SUPERRR-1200x1800.jpg 1200w, https:\/\/kupoge.de\/blog\/wp-content\/uploads\/2024\/09\/Nandita_SUPERRR-1980x2970.jpg 1980w, https:\/\/kupoge.de\/blog\/wp-content\/uploads\/2024\/09\/Nandita_SUPERRR-scaled.jpg 1707w\" sizes=\"auto, (max-width: 683px) 100vw, 683px\" \/><\/figure>\n<\/div>\n\n\n\n<div class=\"wp-block-column is-layout-flow wp-block-column-is-layout-flow\" style=\"flex-basis:66.66%\">\n<p><strong>Nandita Vasanta<\/strong> ist Projektleiterin und verantwortlich f\u00fcr die\u00a0 Zuk\u00fcnftearbeit bei SUPERRR Lab. Als ausgebildete Komparatistin\u00a0 interessiert sie sich besonders f\u00fcr Schnittstellenthemen, die die\u00a0 Expertise und Kollaboration vieler brauchen. In der Vergangenheit hat\u00a0 sie unterschiedliche wissenschaftliche und kulturelle Programme\u00a0 konzipiert und umgesetzt, mit dem Ziel, neue Formen der Beteiligung und\u00a0 der Demokratisierung von Wissen zu erm\u00f6glichen. Als zertifizierte Coach\u00a0 und Mediatorin gl\u00e4ttet sie die Fallstricke menschlicher Kommunikation\u00a0 und unterst\u00fctzt Menschen dabei, ihre eigene Form der Wirksamkeit zu\u00a0finden.<\/p>\n<\/div>\n<\/div>\n","protected":false},"excerpt":{"rendered":"<p>Nandita Vasanta<\/p>\n","protected":false},"author":1,"featured_media":1428,"comment_status":"closed","ping_status":"closed","sticky":false,"template":"","format":"standard","meta":{"_uag_custom_page_level_css":"","footnotes":""},"categories":[1],"tags":[],"class_list":["post-1425","post","type-post","status-publish","format-standard","has-post-thumbnail","hentry","category-allgemein"],"yoast_head":"<!-- This site is optimized with the Yoast SEO plugin v27.5 - https:\/\/yoast.com\/product\/yoast-seo-wordpress\/ -->\n<title>Futures Literacy \u2013 Zuk\u00fcnftekompetenz als politische Praxis | ein Blogbeitrag von Nandita Vasanta<\/title>\n<meta name=\"description\" content=\"Wie w\u00fcrde eine Welt aussehen, in der wir bestm\u00f6glich ausgestattet sind, gerechte, solidarische und f\u00fcrsorgliche Zuk\u00fcnfte zu gestalten? In der wir nicht nur mutige Ideen und Visionen haben, sondern auch die Werkzeuge und Methoden, um diese Wirklichkeit werden zu lassen?\" \/>\n<meta name=\"robots\" content=\"index, follow, max-snippet:-1, max-image-preview:large, max-video-preview:-1\" \/>\n<link rel=\"canonical\" href=\"https:\/\/kupoge.de\/blog\/2024\/09\/30\/futures-literacy-zukuenftekompetenz-als-politische-praxis\/\" \/>\n<meta property=\"og:locale\" content=\"de_DE\" \/>\n<meta property=\"og:type\" content=\"article\" \/>\n<meta property=\"og:title\" content=\"Futures Literacy \u2013 Zuk\u00fcnftekompetenz als politische Praxis | ein Blogbeitrag von Nandita Vasanta\" \/>\n<meta property=\"og:description\" content=\"Wie w\u00fcrde eine Welt aussehen, in der wir bestm\u00f6glich ausgestattet sind, gerechte, solidarische und f\u00fcrsorgliche Zuk\u00fcnfte zu gestalten? In der wir nicht nur mutige Ideen und Visionen haben, sondern auch die Werkzeuge und Methoden, um diese Wirklichkeit werden zu lassen?\" \/>\n<meta property=\"og:url\" content=\"https:\/\/kupoge.de\/blog\/2024\/09\/30\/futures-literacy-zukuenftekompetenz-als-politische-praxis\/\" \/>\n<meta property=\"og:site_name\" content=\"Kulturpolitische Gesellschaft e.V.\" \/>\n<meta property=\"article:published_time\" content=\"2024-09-30T12:27:42+00:00\" \/>\n<meta property=\"article:modified_time\" content=\"2024-09-30T13:34:55+00:00\" \/>\n<meta property=\"og:image\" content=\"https:\/\/kupoge.de\/blog\/wp-content\/uploads\/2024\/09\/Grafik-FL_klein.png\" \/>\n\t<meta property=\"og:image:width\" content=\"2000\" \/>\n\t<meta property=\"og:image:height\" content=\"1132\" \/>\n\t<meta property=\"og:image:type\" content=\"image\/png\" \/>\n<meta name=\"author\" content=\"m39a\" \/>\n<meta name=\"twitter:card\" content=\"summary_large_image\" \/>\n<meta name=\"twitter:label1\" content=\"Verfasst von\" \/>\n\t<meta name=\"twitter:data1\" content=\"m39a\" \/>\n\t<meta name=\"twitter:label2\" content=\"Gesch\u00e4tzte Lesezeit\" \/>\n\t<meta name=\"twitter:data2\" content=\"7\u00a0Minuten\" \/>\n<script type=\"application\/ld+json\" class=\"yoast-schema-graph\">{\"@context\":\"https:\\\/\\\/schema.org\",\"@graph\":[{\"@type\":\"Article\",\"@id\":\"https:\\\/\\\/kupoge.de\\\/blog\\\/2024\\\/09\\\/30\\\/futures-literacy-zukuenftekompetenz-als-politische-praxis\\\/#article\",\"isPartOf\":{\"@id\":\"https:\\\/\\\/kupoge.de\\\/blog\\\/2024\\\/09\\\/30\\\/futures-literacy-zukuenftekompetenz-als-politische-praxis\\\/\"},\"author\":{\"name\":\"m39a\",\"@id\":\"https:\\\/\\\/kupoge.de\\\/blog\\\/#\\\/schema\\\/person\\\/cffe05354738d9b4a970fa18adc92aff\"},\"headline\":\"Futures Literacy \u2013 Zuk\u00fcnftekompetenz als politische Praxis\",\"datePublished\":\"2024-09-30T12:27:42+00:00\",\"dateModified\":\"2024-09-30T13:34:55+00:00\",\"mainEntityOfPage\":{\"@id\":\"https:\\\/\\\/kupoge.de\\\/blog\\\/2024\\\/09\\\/30\\\/futures-literacy-zukuenftekompetenz-als-politische-praxis\\\/\"},\"wordCount\":1182,\"publisher\":{\"@id\":\"https:\\\/\\\/kupoge.de\\\/blog\\\/#organization\"},\"image\":{\"@id\":\"https:\\\/\\\/kupoge.de\\\/blog\\\/2024\\\/09\\\/30\\\/futures-literacy-zukuenftekompetenz-als-politische-praxis\\\/#primaryimage\"},\"thumbnailUrl\":\"https:\\\/\\\/kupoge.de\\\/blog\\\/wp-content\\\/uploads\\\/2024\\\/09\\\/Grafik-FL_klein.png\",\"inLanguage\":\"de\"},{\"@type\":\"WebPage\",\"@id\":\"https:\\\/\\\/kupoge.de\\\/blog\\\/2024\\\/09\\\/30\\\/futures-literacy-zukuenftekompetenz-als-politische-praxis\\\/\",\"url\":\"https:\\\/\\\/kupoge.de\\\/blog\\\/2024\\\/09\\\/30\\\/futures-literacy-zukuenftekompetenz-als-politische-praxis\\\/\",\"name\":\"Futures Literacy \u2013 Zuk\u00fcnftekompetenz als politische Praxis | ein Blogbeitrag von Nandita Vasanta\",\"isPartOf\":{\"@id\":\"https:\\\/\\\/kupoge.de\\\/blog\\\/#website\"},\"primaryImageOfPage\":{\"@id\":\"https:\\\/\\\/kupoge.de\\\/blog\\\/2024\\\/09\\\/30\\\/futures-literacy-zukuenftekompetenz-als-politische-praxis\\\/#primaryimage\"},\"image\":{\"@id\":\"https:\\\/\\\/kupoge.de\\\/blog\\\/2024\\\/09\\\/30\\\/futures-literacy-zukuenftekompetenz-als-politische-praxis\\\/#primaryimage\"},\"thumbnailUrl\":\"https:\\\/\\\/kupoge.de\\\/blog\\\/wp-content\\\/uploads\\\/2024\\\/09\\\/Grafik-FL_klein.png\",\"datePublished\":\"2024-09-30T12:27:42+00:00\",\"dateModified\":\"2024-09-30T13:34:55+00:00\",\"description\":\"Wie w\u00fcrde eine Welt aussehen, in der wir bestm\u00f6glich ausgestattet sind, gerechte, solidarische und f\u00fcrsorgliche Zuk\u00fcnfte zu gestalten? In der wir nicht nur mutige Ideen und Visionen haben, sondern auch die Werkzeuge und Methoden, um diese Wirklichkeit werden zu lassen?\",\"breadcrumb\":{\"@id\":\"https:\\\/\\\/kupoge.de\\\/blog\\\/2024\\\/09\\\/30\\\/futures-literacy-zukuenftekompetenz-als-politische-praxis\\\/#breadcrumb\"},\"inLanguage\":\"de\",\"potentialAction\":[{\"@type\":\"ReadAction\",\"target\":[\"https:\\\/\\\/kupoge.de\\\/blog\\\/2024\\\/09\\\/30\\\/futures-literacy-zukuenftekompetenz-als-politische-praxis\\\/\"]}]},{\"@type\":\"ImageObject\",\"inLanguage\":\"de\",\"@id\":\"https:\\\/\\\/kupoge.de\\\/blog\\\/2024\\\/09\\\/30\\\/futures-literacy-zukuenftekompetenz-als-politische-praxis\\\/#primaryimage\",\"url\":\"https:\\\/\\\/kupoge.de\\\/blog\\\/wp-content\\\/uploads\\\/2024\\\/09\\\/Grafik-FL_klein.png\",\"contentUrl\":\"https:\\\/\\\/kupoge.de\\\/blog\\\/wp-content\\\/uploads\\\/2024\\\/09\\\/Grafik-FL_klein.png\",\"width\":2000,\"height\":1132,\"caption\":\"Grafik: SUPERRR\"},{\"@type\":\"BreadcrumbList\",\"@id\":\"https:\\\/\\\/kupoge.de\\\/blog\\\/2024\\\/09\\\/30\\\/futures-literacy-zukuenftekompetenz-als-politische-praxis\\\/#breadcrumb\",\"itemListElement\":[{\"@type\":\"ListItem\",\"position\":1,\"name\":\"Startseite\",\"item\":\"https:\\\/\\\/kupoge.de\\\/blog\\\/\"},{\"@type\":\"ListItem\",\"position\":2,\"name\":\"Futures Literacy \u2013 Zuk\u00fcnftekompetenz als politische Praxis\"}]},{\"@type\":\"WebSite\",\"@id\":\"https:\\\/\\\/kupoge.de\\\/blog\\\/#website\",\"url\":\"https:\\\/\\\/kupoge.de\\\/blog\\\/\",\"name\":\"Kulturpolitische Gesellschaft e.V.\",\"description\":\"\",\"publisher\":{\"@id\":\"https:\\\/\\\/kupoge.de\\\/blog\\\/#organization\"},\"potentialAction\":[{\"@type\":\"SearchAction\",\"target\":{\"@type\":\"EntryPoint\",\"urlTemplate\":\"https:\\\/\\\/kupoge.de\\\/blog\\\/?s={search_term_string}\"},\"query-input\":{\"@type\":\"PropertyValueSpecification\",\"valueRequired\":true,\"valueName\":\"search_term_string\"}}],\"inLanguage\":\"de\"},{\"@type\":\"Organization\",\"@id\":\"https:\\\/\\\/kupoge.de\\\/blog\\\/#organization\",\"name\":\"Kulturpolitische Gesellschaft e.V.\",\"url\":\"https:\\\/\\\/kupoge.de\\\/blog\\\/\",\"logo\":{\"@type\":\"ImageObject\",\"inLanguage\":\"de\",\"@id\":\"https:\\\/\\\/kupoge.de\\\/blog\\\/#\\\/schema\\\/logo\\\/image\\\/\",\"url\":\"https:\\\/\\\/kupoge.de\\\/blog\\\/wp-content\\\/uploads\\\/2020\\\/11\\\/cropped-kupoge-logo.png\",\"contentUrl\":\"https:\\\/\\\/kupoge.de\\\/blog\\\/wp-content\\\/uploads\\\/2020\\\/11\\\/cropped-kupoge-logo.png\",\"width\":503,\"height\":63,\"caption\":\"Kulturpolitische Gesellschaft e.V.\"},\"image\":{\"@id\":\"https:\\\/\\\/kupoge.de\\\/blog\\\/#\\\/schema\\\/logo\\\/image\\\/\"}},{\"@type\":\"Person\",\"@id\":\"https:\\\/\\\/kupoge.de\\\/blog\\\/#\\\/schema\\\/person\\\/cffe05354738d9b4a970fa18adc92aff\",\"name\":\"m39a\",\"image\":{\"@type\":\"ImageObject\",\"inLanguage\":\"de\",\"@id\":\"https:\\\/\\\/secure.gravatar.com\\\/avatar\\\/4b4873431efea09c8f10a0eaa0ef2e3d25faf7ec4c9bc4e05370edd482901db2?s=96&d=mm&r=g\",\"url\":\"https:\\\/\\\/secure.gravatar.com\\\/avatar\\\/4b4873431efea09c8f10a0eaa0ef2e3d25faf7ec4c9bc4e05370edd482901db2?s=96&d=mm&r=g\",\"contentUrl\":\"https:\\\/\\\/secure.gravatar.com\\\/avatar\\\/4b4873431efea09c8f10a0eaa0ef2e3d25faf7ec4c9bc4e05370edd482901db2?s=96&d=mm&r=g\",\"caption\":\"m39a\"},\"sameAs\":[\"https:\\\/\\\/kupoge.de\\\/blog\"],\"url\":\"https:\\\/\\\/kupoge.de\\\/blog\\\/author\\\/m39a\\\/\"}]}<\/script>\n<!-- \/ Yoast SEO plugin. -->","yoast_head_json":{"title":"Futures Literacy \u2013 Zuk\u00fcnftekompetenz als politische Praxis | ein Blogbeitrag von Nandita Vasanta","description":"Wie w\u00fcrde eine Welt aussehen, in der wir bestm\u00f6glich ausgestattet sind, gerechte, solidarische und f\u00fcrsorgliche Zuk\u00fcnfte zu gestalten? In der wir nicht nur mutige Ideen und Visionen haben, sondern auch die Werkzeuge und Methoden, um diese Wirklichkeit werden zu lassen?","robots":{"index":"index","follow":"follow","max-snippet":"max-snippet:-1","max-image-preview":"max-image-preview:large","max-video-preview":"max-video-preview:-1"},"canonical":"https:\/\/kupoge.de\/blog\/2024\/09\/30\/futures-literacy-zukuenftekompetenz-als-politische-praxis\/","og_locale":"de_DE","og_type":"article","og_title":"Futures Literacy \u2013 Zuk\u00fcnftekompetenz als politische Praxis | ein Blogbeitrag von Nandita Vasanta","og_description":"Wie w\u00fcrde eine Welt aussehen, in der wir bestm\u00f6glich ausgestattet sind, gerechte, solidarische und f\u00fcrsorgliche Zuk\u00fcnfte zu gestalten? In der wir nicht nur mutige Ideen und Visionen haben, sondern auch die Werkzeuge und Methoden, um diese Wirklichkeit werden zu lassen?","og_url":"https:\/\/kupoge.de\/blog\/2024\/09\/30\/futures-literacy-zukuenftekompetenz-als-politische-praxis\/","og_site_name":"Kulturpolitische Gesellschaft e.V.","article_published_time":"2024-09-30T12:27:42+00:00","article_modified_time":"2024-09-30T13:34:55+00:00","og_image":[{"width":2000,"height":1132,"url":"https:\/\/kupoge.de\/blog\/wp-content\/uploads\/2024\/09\/Grafik-FL_klein.png","type":"image\/png"}],"author":"m39a","twitter_card":"summary_large_image","twitter_misc":{"Verfasst von":"m39a","Gesch\u00e4tzte Lesezeit":"7\u00a0Minuten"},"schema":{"@context":"https:\/\/schema.org","@graph":[{"@type":"Article","@id":"https:\/\/kupoge.de\/blog\/2024\/09\/30\/futures-literacy-zukuenftekompetenz-als-politische-praxis\/#article","isPartOf":{"@id":"https:\/\/kupoge.de\/blog\/2024\/09\/30\/futures-literacy-zukuenftekompetenz-als-politische-praxis\/"},"author":{"name":"m39a","@id":"https:\/\/kupoge.de\/blog\/#\/schema\/person\/cffe05354738d9b4a970fa18adc92aff"},"headline":"Futures Literacy \u2013 Zuk\u00fcnftekompetenz als politische Praxis","datePublished":"2024-09-30T12:27:42+00:00","dateModified":"2024-09-30T13:34:55+00:00","mainEntityOfPage":{"@id":"https:\/\/kupoge.de\/blog\/2024\/09\/30\/futures-literacy-zukuenftekompetenz-als-politische-praxis\/"},"wordCount":1182,"publisher":{"@id":"https:\/\/kupoge.de\/blog\/#organization"},"image":{"@id":"https:\/\/kupoge.de\/blog\/2024\/09\/30\/futures-literacy-zukuenftekompetenz-als-politische-praxis\/#primaryimage"},"thumbnailUrl":"https:\/\/kupoge.de\/blog\/wp-content\/uploads\/2024\/09\/Grafik-FL_klein.png","inLanguage":"de"},{"@type":"WebPage","@id":"https:\/\/kupoge.de\/blog\/2024\/09\/30\/futures-literacy-zukuenftekompetenz-als-politische-praxis\/","url":"https:\/\/kupoge.de\/blog\/2024\/09\/30\/futures-literacy-zukuenftekompetenz-als-politische-praxis\/","name":"Futures Literacy \u2013 Zuk\u00fcnftekompetenz als politische Praxis | ein Blogbeitrag von Nandita Vasanta","isPartOf":{"@id":"https:\/\/kupoge.de\/blog\/#website"},"primaryImageOfPage":{"@id":"https:\/\/kupoge.de\/blog\/2024\/09\/30\/futures-literacy-zukuenftekompetenz-als-politische-praxis\/#primaryimage"},"image":{"@id":"https:\/\/kupoge.de\/blog\/2024\/09\/30\/futures-literacy-zukuenftekompetenz-als-politische-praxis\/#primaryimage"},"thumbnailUrl":"https:\/\/kupoge.de\/blog\/wp-content\/uploads\/2024\/09\/Grafik-FL_klein.png","datePublished":"2024-09-30T12:27:42+00:00","dateModified":"2024-09-30T13:34:55+00:00","description":"Wie w\u00fcrde eine Welt aussehen, in der wir bestm\u00f6glich ausgestattet sind, gerechte, solidarische und f\u00fcrsorgliche Zuk\u00fcnfte zu gestalten? In der wir nicht nur mutige Ideen und Visionen haben, sondern auch die Werkzeuge und Methoden, um diese Wirklichkeit werden zu lassen?","breadcrumb":{"@id":"https:\/\/kupoge.de\/blog\/2024\/09\/30\/futures-literacy-zukuenftekompetenz-als-politische-praxis\/#breadcrumb"},"inLanguage":"de","potentialAction":[{"@type":"ReadAction","target":["https:\/\/kupoge.de\/blog\/2024\/09\/30\/futures-literacy-zukuenftekompetenz-als-politische-praxis\/"]}]},{"@type":"ImageObject","inLanguage":"de","@id":"https:\/\/kupoge.de\/blog\/2024\/09\/30\/futures-literacy-zukuenftekompetenz-als-politische-praxis\/#primaryimage","url":"https:\/\/kupoge.de\/blog\/wp-content\/uploads\/2024\/09\/Grafik-FL_klein.png","contentUrl":"https:\/\/kupoge.de\/blog\/wp-content\/uploads\/2024\/09\/Grafik-FL_klein.png","width":2000,"height":1132,"caption":"Grafik: SUPERRR"},{"@type":"BreadcrumbList","@id":"https:\/\/kupoge.de\/blog\/2024\/09\/30\/futures-literacy-zukuenftekompetenz-als-politische-praxis\/#breadcrumb","itemListElement":[{"@type":"ListItem","position":1,"name":"Startseite","item":"https:\/\/kupoge.de\/blog\/"},{"@type":"ListItem","position":2,"name":"Futures Literacy \u2013 Zuk\u00fcnftekompetenz als politische Praxis"}]},{"@type":"WebSite","@id":"https:\/\/kupoge.de\/blog\/#website","url":"https:\/\/kupoge.de\/blog\/","name":"Kulturpolitische Gesellschaft e.V.","description":"","publisher":{"@id":"https:\/\/kupoge.de\/blog\/#organization"},"potentialAction":[{"@type":"SearchAction","target":{"@type":"EntryPoint","urlTemplate":"https:\/\/kupoge.de\/blog\/?s={search_term_string}"},"query-input":{"@type":"PropertyValueSpecification","valueRequired":true,"valueName":"search_term_string"}}],"inLanguage":"de"},{"@type":"Organization","@id":"https:\/\/kupoge.de\/blog\/#organization","name":"Kulturpolitische Gesellschaft e.V.","url":"https:\/\/kupoge.de\/blog\/","logo":{"@type":"ImageObject","inLanguage":"de","@id":"https:\/\/kupoge.de\/blog\/#\/schema\/logo\/image\/","url":"https:\/\/kupoge.de\/blog\/wp-content\/uploads\/2020\/11\/cropped-kupoge-logo.png","contentUrl":"https:\/\/kupoge.de\/blog\/wp-content\/uploads\/2020\/11\/cropped-kupoge-logo.png","width":503,"height":63,"caption":"Kulturpolitische Gesellschaft e.V."},"image":{"@id":"https:\/\/kupoge.de\/blog\/#\/schema\/logo\/image\/"}},{"@type":"Person","@id":"https:\/\/kupoge.de\/blog\/#\/schema\/person\/cffe05354738d9b4a970fa18adc92aff","name":"m39a","image":{"@type":"ImageObject","inLanguage":"de","@id":"https:\/\/secure.gravatar.com\/avatar\/4b4873431efea09c8f10a0eaa0ef2e3d25faf7ec4c9bc4e05370edd482901db2?s=96&d=mm&r=g","url":"https:\/\/secure.gravatar.com\/avatar\/4b4873431efea09c8f10a0eaa0ef2e3d25faf7ec4c9bc4e05370edd482901db2?s=96&d=mm&r=g","contentUrl":"https:\/\/secure.gravatar.com\/avatar\/4b4873431efea09c8f10a0eaa0ef2e3d25faf7ec4c9bc4e05370edd482901db2?s=96&d=mm&r=g","caption":"m39a"},"sameAs":["https:\/\/kupoge.de\/blog"],"url":"https:\/\/kupoge.de\/blog\/author\/m39a\/"}]}},"uagb_featured_image_src":{"full":["https:\/\/kupoge.de\/blog\/wp-content\/uploads\/2024\/09\/Grafik-FL_klein.png",2000,1132,false],"thumbnail":["https:\/\/kupoge.de\/blog\/wp-content\/uploads\/2024\/09\/Grafik-FL_klein-150x150.png",150,150,true],"medium":["https:\/\/kupoge.de\/blog\/wp-content\/uploads\/2024\/09\/Grafik-FL_klein-300x170.png",300,170,true],"medium_large":["https:\/\/kupoge.de\/blog\/wp-content\/uploads\/2024\/09\/Grafik-FL_klein-768x435.png",580,329,true],"large":["https:\/\/kupoge.de\/blog\/wp-content\/uploads\/2024\/09\/Grafik-FL_klein-1024x580.png",580,329,true],"1536x1536":["https:\/\/kupoge.de\/blog\/wp-content\/uploads\/2024\/09\/Grafik-FL_klein-1536x869.png",1536,869,true],"2048x2048":["https:\/\/kupoge.de\/blog\/wp-content\/uploads\/2024\/09\/Grafik-FL_klein.png",2000,1132,false],"post-thumbnail":["https:\/\/kupoge.de\/blog\/wp-content\/uploads\/2024\/09\/Grafik-FL_klein-1200x679.png",1200,679,true],"twentytwenty-fullscreen":["https:\/\/kupoge.de\/blog\/wp-content\/uploads\/2024\/09\/Grafik-FL_klein-1980x1121.png",1980,1121,true]},"uagb_author_info":{"display_name":"m39a","author_link":"https:\/\/kupoge.de\/blog\/author\/m39a\/"},"uagb_comment_info":0,"uagb_excerpt":"Nandita Vasanta","_links":{"self":[{"href":"https:\/\/kupoge.de\/blog\/wp-json\/wp\/v2\/posts\/1425","targetHints":{"allow":["GET"]}}],"collection":[{"href":"https:\/\/kupoge.de\/blog\/wp-json\/wp\/v2\/posts"}],"about":[{"href":"https:\/\/kupoge.de\/blog\/wp-json\/wp\/v2\/types\/post"}],"author":[{"embeddable":true,"href":"https:\/\/kupoge.de\/blog\/wp-json\/wp\/v2\/users\/1"}],"replies":[{"embeddable":true,"href":"https:\/\/kupoge.de\/blog\/wp-json\/wp\/v2\/comments?post=1425"}],"version-history":[{"count":2,"href":"https:\/\/kupoge.de\/blog\/wp-json\/wp\/v2\/posts\/1425\/revisions"}],"predecessor-version":[{"id":1430,"href":"https:\/\/kupoge.de\/blog\/wp-json\/wp\/v2\/posts\/1425\/revisions\/1430"}],"wp:featuredmedia":[{"embeddable":true,"href":"https:\/\/kupoge.de\/blog\/wp-json\/wp\/v2\/media\/1428"}],"wp:attachment":[{"href":"https:\/\/kupoge.de\/blog\/wp-json\/wp\/v2\/media?parent=1425"}],"wp:term":[{"taxonomy":"category","embeddable":true,"href":"https:\/\/kupoge.de\/blog\/wp-json\/wp\/v2\/categories?post=1425"},{"taxonomy":"post_tag","embeddable":true,"href":"https:\/\/kupoge.de\/blog\/wp-json\/wp\/v2\/tags?post=1425"}],"curies":[{"name":"wp","href":"https:\/\/api.w.org\/{rel}","templated":true}]}}