{"id":1513,"date":"2026-02-19T12:18:58","date_gmt":"2026-02-19T11:18:58","guid":{"rendered":"https:\/\/kupoge.de\/blog\/?p=1513"},"modified":"2026-02-19T12:24:34","modified_gmt":"2026-02-19T11:24:34","slug":"unsouveraen-ein-debattenbeitrag","status":"publish","type":"post","link":"https:\/\/kupoge.de\/blog\/2026\/02\/19\/unsouveraen-ein-debattenbeitrag\/","title":{"rendered":"Unsouver\u00e4n \u2013 ein Debattenbeitrag"},"content":{"rendered":"\n<p>Anfang 2026 w\u00e4re Konrad Adenauer 150 Jahre alt geworden. Der Gr\u00fcndungskanzler dieser keineswegs perfekten Republik, die gleichwohl um so vieles besser ist als alles, was es zuvor auf gleichem Boden gab und manches, was am Horizont dr\u00e4ut, machte sich einige Gedanken \u00fcber deren Wesen. Etwa \u00fcber die Souver\u00e4nit\u00e4t, die, so \u00bbder Alte\u00ab, zu bemessen sei am Grad ihrer Nicht-Erpressbarkeit.<\/p>\n\n\n\n<p>Wer zuletzt das unendliche Herumgedruckse in Berlin und Br\u00fcssel mitverfolgte, kriegt da wom\u00f6glich schlechte Laune. Lange lie\u00df sich die europ\u00e4ische Politik von einem irrlichternden US-Pr\u00e4sidenten und der Broligarchenmafia, die ihn erst ins Amt finanziert hat und ihm nun ins Amt pfuscht, erpressen. Die Erpressung fand nicht heimlich und in Hinterzimmern statt, sondern ganz offen, mit klarer Ansage und ohne jede Scham.<\/p>\n\n\n\n<p>Sieht man von der pers\u00f6nlichen Verm\u00f6gensvergr\u00f6\u00dferung des Trump-Clans und seines nicht demokratisch mandatierten Inner Circles ab, gibt es ein erkl\u00e4rtes politisches Ziel der Trump-Administration: unangefochtene globale technologische Dominanz. Alles wird diesem Ziel untergeordnet: M\u00e4rkte, Ethik, Arbeitnehmerrechte, Gesundheit, Umwelt, Datenschutz, Urheberrecht, Partnerschaften und B\u00fcndnisse, Menschen- und V\u00f6lkerrecht \u2026 kurz: die Weltordnung.<\/p>\n\n\n\n<p>Binnen weniger Tage nach Trumps zweiter Inauguration war die Rede von Machtergreifung, Staatsstreich und Verfassungskrise. Die Gewaltenteilung wurde mit Dekreten zerschossen, der Staatsapparat mit einer juwelenbesetzten Kettens\u00e4ge zerlegt. Der brachiale Vortrieb wurde legitimiert durch dunkles Raunen \u00fcber die Notwendigkeit der Zerschlagung eines angeblich nicht reformierbaren \u00bbDeep State\u00ab. Tats\u00e4chlich handelte es sich dabei um nichts anderes als einen Angriff auf die Rechtsstaatlichkeit.<\/p>\n\n\n\n<p>Die Europ\u00e4er staunten nicht schlecht. Ihr leicht verst\u00f6rter Blick galt vor allem der Vulgarit\u00e4t der Protagonisten, die wie Figuren in einem altr\u00f6mischen Dekadenzdrama anmuteten. Stets aber schwang auch Faszination mit: Sind es nicht auch hier die \u00fcberbordende B\u00fcrokratie und das Diktat einer Verbotskultur, die uns fesseln und am Boden halten?! Wobei mit \u00bbuns\u00ab in diesem Zusammenhang, je nach Beschwerdef\u00fchrer, \u00bbdie Wirtschaft\u00ab, \u00bbdie Start-ups\u00ab oder auch schlicht \u00bbder Fortschritt\u00ab gemeint sein kann.<\/p>\n\n\n\n<p>Bis heute scheinen viele Menschen in Europa nicht begriffen zu haben, dass die Welt, an der sie verbissen festhalten, seit dem 20. Januar 2025 nicht mehr existiert. Der Gro\u00dfe Bruder ist zum Schulhofschl\u00e4ger geworden und perfektioniert das, wof\u00fcr sein Name synonym steht: er \u00fcberwacht. Seine B\u00fcrger, uns, andere Regierungen, die ganze Welt. Mit Technologien, f\u00fcr deren Nutzung wir auch noch bezahlen.<\/p>\n\n\n\n<p>Technologie ist nicht neutral. Tats\u00e4chlich ist sie gerade im Digitalen ein Spielball von Interessen und Mittel zu deren Durchsetzung. Im globalen Spiel der Kr\u00e4fte werden Forschung &amp; Entwicklung (<em>F&amp;E<\/em>) zu Waffen der Wettr\u00fcstung, Browser, Mail- und Clouddienste sowie das Internet der Dinge (<em>IoT<\/em>) zu \u00dcberwachungsinstrumenten und diejenigen, die sich besonders skrupellos am \u00bbfrei\u00ab herumliegenden Weltwissen bedienen, verf\u00fcgen \u00fcber einen ausschlaggebenden strategischen Vorteil.<\/p>\n\n\n\n<p>\u00bbMove fast and break things!\u00ab, schallte es fr\u00fcher aus dem Silicon Valley. \u00bbWer sich an die Regeln h\u00e4lt, verliert\u00ab, wussten wir in Europa schon 2015. Die vergleichslose globale Marktdurchdringung generativer KI-Dienste ab dem Dezember 2023 best\u00e4tigt beides lehrbuchhaft: Bedingungsloser Vortrieb, Zerst\u00f6rung des Vorhandenen, um eigene Claims abstecken zu k\u00f6nnen, der Bruch absolut aller vorstellbarer Regeln beim Einsammeln und Verarbeiten ausnahmslos aller digital verf\u00fcgbarer Daten &#8211; einschlie\u00dflich s\u00e4mtlicher digital verf\u00fcgbarer urheberrechtlich gesch\u00fctzter Werke und Leistungen dieser Welt. Die im Zuge des \u00bbgr\u00f6\u00dften Diebstahls in der Menschheitsgeschichte\u00ab (Ranga Yogeshwar)<a href=\"#_ftn1\" id=\"_ftnref1\">[1]<\/a> gesammelten Werke und Leistungen werden, in kommerzielle Produkte eingemauert, anschlie\u00dfend an die Bestohlenen zur\u00fcckverkauft. Die Wertsch\u00f6pfung verbleibt im Diebesland.<\/p>\n\n\n\n<p>Ein spektakul\u00e4r effizientes und wesenhaft ausbeuterisches Gesch\u00e4ftsmodell. Die Technologie kann zwar vieles von dem, was ihr angedichtet wird, nicht gut, eines allerdings k\u00f6nnen KI-Systeme wirklich, und das ist Mustererkennung. Vor diesem Hintergrund sind die Daten der Welt ein unermesslicher Schatz f\u00fcr diejenigen, die dar\u00fcber verf\u00fcgen, erlauben sie doch detaillierte Blicke in die K\u00f6pfe, Herzen, Wohnzimmer und Betten der Menschheit. Was uns, als Besitzern der K\u00f6pfe, Herzen und Betten, gr\u00f6\u00dfte Sorgen machen sollte, rechtfertigt aus Sicht der Konzerne jede Strafzahlung. Angesichts der Kapitalisierung der US-KI-Unternehmen werden Strafen ohnehin aus der Kaffeekasse begleichen.&nbsp;&nbsp;<\/p>\n\n\n\n<p>Neu ist, dass dieser Krieg nicht mehr auf milit\u00e4rische Schlachtfelder begrenzt ist, sondern auf unseren eigenen Ger\u00e4ten stattfindet, in von uns gekaufter oder abonnierter Software. Die zentrale Waffe ist der Zugriff auf unser aller intimste Daten und &#8211; im Falle der sch\u00f6pferisch T\u00e4tigen &#8211; auf die Inhalte, von deren Bewirtschaftung wir leben. Niemand sollte sich der Illusion hingeben, irgendeine Kontrolle \u00fcber die eigenen Daten zu haben &#8211; zumindest so lange nicht, wie au\u00dfereurop\u00e4ische Anbieter involviert sind. Digitale Dienstanbieter k\u00f6nnen zu jedem beliebigen Zeitpunkt Daten abgreifen, manipulative Desinformation einspeisen, legitime Information unterdr\u00fccken oder schlichtweg ihren Diensten den Stecker ziehen. US-Recht wie auch chinesisches zwingt sie dazu, auf Weisung genau das zu tun.<\/p>\n\n\n\n<p>K\u00fcrzlich hat die Trump-Administration einen franz\u00f6sischen Richter am Internationalen Strafgerichtshof sanktioniert; Microsoft, Paypal, MasterCard und andere Anbieter drehten ihm den digitalen Saft ab: Kein Mailzugriff, keine Kreditkarte, keine Flug- und Reisebuchungen, kein Uber \u2026 Das ist keine Dystopie, das ist unsere Gegenwart.<\/p>\n\n\n\n<p>W\u00e4hrend die US-Politik ihrem neuen Dogma \u00bbMight is Right\u00ab folgt, scheint es, als ob in Europa seit Jahresbeginn langsam ein Bewusstseinswandel einsetzte. Nach rund 3Millionen offenkundig strafbarer sexueller \u00dcbergriffe<a href=\"#_ftn2\" id=\"_ftnref2\">[2]<\/a> auf Elon Musks X durch Musks ChatBot Grok entschied sich die EU-Kommission endlich, die Regulierungsinstrumente, \u00fcber die sie verf\u00fcgt, einzusetzen. Vorausgegangen waren massive Warnungen der US-Regierung f\u00fcr den Fall, dass Europa sein eigenes Recht gegen die US-Konzerne durchsetzen sollte.<\/p>\n\n\n\n<p>Noch einmal: Eine au\u00dfereurop\u00e4ische Macht droht Europa mit Konsequenzen f\u00fcr den Fall des Versuchs der Durchsetzung eigenen geltenden Rechts auf eigenem Boden. Sofern Souver\u00e4nit\u00e4t mit dem Grad der Nicht-Erpressbarkeit korreliert, ist festzustellen: Wer sich das bieten l\u00e4sst, der agiert offenbar nicht mehr souver\u00e4n.<\/p>\n\n\n\n<p>Nun lesen Sie diesen Text auf den Seiten der KuPoGe. Gerade f\u00fcr die Kunst aber ist Freiheit Voraussetzung. F\u00fcr die, die Kunst, Kultur, Journalismus und Wissenschaft politisch vertreten, ist dieser Punkt nicht verhandelbar. In diesem Lichte betrachtet ist die gelegentlich zu ahnende KI-Besoffenheit in Politik und Wirtschaft und auch in gro\u00dfen Teilen der Kulturinstitutionen ausgesprochen ern\u00fcchternd.<\/p>\n\n\n\n<p>Sicher kann man manches beschleunigen durch den Einsatz von ChatGPT oder Claude. Was machen wir aber mit der Feststellung, dass eine ethische Verwendung von ChatGPT, Claude oder Gemini nach aktuellem Stand schlechterdings nicht m\u00f6glich ist? Dass diejenigen, die die Inhalte schaffen, ohne die es in Kultur, Medien und Wissenschaft nichts zu verwerten g\u00e4be, vom Output der diebstahlbasierten Systeme im eigenen Markt substituiert zu werden drohen? Dass zu allem \u00dcberfluss der <em>Extraktivismus<\/em> aktueller KI so umfassend und durchdringend ist, dass au\u00dfereurop\u00e4ische Anbieter und Regierungen mehr \u00fcber die europ\u00e4ische Bev\u00f6lkerung wissen als europ\u00e4ische Anbieter und Regierungen es je d\u00fcrften?<\/p>\n\n\n\n<p>OpenAI, das Unternehmen hinter ChatGPT, hat \u00fcbrigens 2025 seine Ethik-Abteilung aufgel\u00f6st. Und wir sollen allen Ernstes annehmen, die Unternehmen, die ihre Technologien als politische Kontrollinstrumente und zur Maximierung ihrer B\u00f6rsenwerte einsetzen und deren Eigner immer offener ihre N\u00e4he zu antidemokratischen bis faschistischen Ideologien zeigen, k\u00f6nnten unversehens aus ethischen Erw\u00e4gungen heraus darauf verzichten, mit ihrer Technologie das zu tun, wof\u00fcr sie gemacht wurde?<\/p>\n\n\n\n<p>Es dr\u00e4ngt sich die Frage nach dem Kosten-Nutzen-Verh\u00e4ltnis auf. Intelligenz, Kreativit\u00e4t, Intentionalit\u00e4t, Vorstellungskraft und all das, was kulturelle Arbeit und Wirkung im Kern ausmacht, l\u00e4sst sich weder automatisieren noch skalieren. W\u00e4hrend Kunst und Kultur auf (generative) KI verzichten k\u00f6nnen, ist KI auf den anhaltenden Zufluss menschengemachter Daten und Inhalte h\u00f6chster Qualit\u00e4t zwingend angewiesen. Das ist technologischer Status quo: Werden genKI-Modelle mit synthetischen, also generierten Inhalten trainiert, verdummen sie; es droht der <em>Model Collapse<\/em>.<\/p>\n\n\n\n<p>Und genau hier liegt eine verkannte Chance f\u00fcr Europa. Wir haben enorme Mengen bislang nicht digitalisierter und damit nicht verf\u00fcgbarer Best\u00e4nde an Wissen, von Jahrhunderten der Musik, Literatur und bildenden Kunst \u00fcber die historischen Best\u00e4nde an Universit\u00e4ten und in Bibliotheken bis hin zu einer leistungs- und wettbewerbsf\u00e4higen Wissenschaft. Und es kommt st\u00e4ndig neues Repertoire auf teilweise h\u00f6chstem Niveau hinzu.<\/p>\n\n\n\n<p>Wenn die Amerikaner und Chinesen ihre Technologie auf diesem f\u00fcr sie vollkommen unverzichtbaren Markt bewirtschaften wollen, dann werden sie sich an unsere Regeln halten m\u00fcssen. Wenn sie mehr Daten ben\u00f6tigen (und das tun sie l\u00e4ngst), dann k\u00f6nnen wir ihnen welche anbieten. Nach unseren Bedingungen und zu einem angemessenen Preis. Diejenigen, mit deren Daten und Inhalten trainiert wurde, w\u00e4ren an der Wertsch\u00f6pfung zu beteiligen &#8211; und das hei\u00dft: an der Bewirtschaftung des Outputs.<\/p>\n\n\n\n<p>Europa k\u00f6nnte der Welt einen Lizenzmarkt f\u00fcr Trainingsdaten und -inhalte anbieten.&nbsp; Das w\u00e4re das Ende des Diebstahls, denn niemand w\u00e4re gezwungen zu lizenzieren. Die Wertsch\u00f6pfung w\u00fcrde auf unseren Kontinent verlagert. Und damit w\u00e4re die Anreizregulierung f\u00fcr sch\u00f6pferische T\u00e4tigkeit, die Europa zuletzt aufzugeben bereit schien, gerettet.<\/p>\n\n\n\n<p>Ein Anfang w\u00e4re gemacht; wir h\u00e4tten die Kontrolle zur\u00fcckgewonnen.<\/p>\n\n\n\n<p>Und das w\u00e4re dann im Sinne des Alten souver\u00e4n.<\/p>\n\n\n\n<hr class=\"wp-block-separator has-alpha-channel-opacity\"\/>\n\n\n\n<p><a href=\"#_ftnref1\" id=\"_ftn1\">[1]<\/a> https:\/\/www.augsburger-allgemeine.de\/wirtschaft\/ranga-yogeshwar-interview-ueber-ki-der-groesste-diebstahl-in-der-menschheitsgeschichte-id66385936.html<\/p>\n\n\n\n<p><a href=\"#_ftnref2\" id=\"_ftn2\">[2]<\/a> https:\/\/www.politico.eu\/article\/ireland-inquiry-elon-musk-grok-privacy-artificial-intelligence-ai\/<\/p>\n\n\n\n<p><a id=\"_msocom_1\"><\/a><\/p>\n\n\n\n<hr class=\"wp-block-separator has-alpha-channel-opacity\"\/>\n\n\n\n<div class=\"wp-block-columns is-layout-flex wp-container-core-columns-is-layout-9d6595d7 wp-block-columns-is-layout-flex\">\n<div class=\"wp-block-column is-layout-flow wp-block-column-is-layout-flow\" style=\"flex-basis:33.33%\">\n<figure class=\"wp-block-image size-large\"><img loading=\"lazy\" decoding=\"async\" width=\"816\" height=\"1024\" src=\"https:\/\/kupoge.de\/blog\/wp-content\/uploads\/2026\/02\/Matthias_Hornschuh_c_Sebastian_Linder-816x1024.jpg\" alt=\"\" class=\"wp-image-1515\" srcset=\"https:\/\/kupoge.de\/blog\/wp-content\/uploads\/2026\/02\/Matthias_Hornschuh_c_Sebastian_Linder-816x1024.jpg 816w, https:\/\/kupoge.de\/blog\/wp-content\/uploads\/2026\/02\/Matthias_Hornschuh_c_Sebastian_Linder-239x300.jpg 239w, https:\/\/kupoge.de\/blog\/wp-content\/uploads\/2026\/02\/Matthias_Hornschuh_c_Sebastian_Linder-768x963.jpg 768w, https:\/\/kupoge.de\/blog\/wp-content\/uploads\/2026\/02\/Matthias_Hornschuh_c_Sebastian_Linder-1225x1536.jpg 1225w, https:\/\/kupoge.de\/blog\/wp-content\/uploads\/2026\/02\/Matthias_Hornschuh_c_Sebastian_Linder-1633x2048.jpg 1633w, https:\/\/kupoge.de\/blog\/wp-content\/uploads\/2026\/02\/Matthias_Hornschuh_c_Sebastian_Linder-1200x1505.jpg 1200w, https:\/\/kupoge.de\/blog\/wp-content\/uploads\/2026\/02\/Matthias_Hornschuh_c_Sebastian_Linder-1980x2483.jpg 1980w, https:\/\/kupoge.de\/blog\/wp-content\/uploads\/2026\/02\/Matthias_Hornschuh_c_Sebastian_Linder-scaled.jpg 2041w\" sizes=\"auto, (max-width: 816px) 100vw, 816px\" \/><\/figure>\n\n\n\n<p>Foto: Sebastian Linder<\/p>\n<\/div>\n\n\n\n<div class=\"wp-block-column is-layout-flow wp-block-column-is-layout-flow\" style=\"flex-basis:66.66%\">\n<p><strong>Matthias Hornschuh<\/strong>, Komponist &amp; Publizist \/ Sprecher der Initiative Urheberrecht<\/p>\n\n\n\n<p>Matthias Hornschuh lebt und arbeitet als Komponist und Publzist in K\u00f6ln. Der studierte Musiker und Musikwissenschaftler unterrichtet an verschiedenen europ\u00e4ischen Hochschulen und hat den intl. Fachkongress SoundTrack_Cologne mit aufgebaut und bis 2018 als Programmleiter betreut. Hornschuh wurde sowohl f\u00fcr seine kompositorische Arbeit als auch f\u00fcr sein Engagement in der Kultur- und Urheberrechtspolitik mehrfach ausgezeichnet. Hornschuh ist Vorsitzender des Berufsverbands mediamusic e.V., Mitglied im Vorstand Kulturrat NRW und im Pr\u00e4sidium des Landesmusikrats NRW sowie im Aufsichtsrat der GEMA.&nbsp;<\/p>\n\n\n\n<p>Hornschuh ist Sprecher der Initiative Urheberrecht und Autor des Buchs &#8222;Wir geben uns auf. KI, Kultur und die Entwertung der Wissensarbeit&#8220; (Carl-Auer 2025).<\/p>\n<\/div>\n<\/div>\n","protected":false},"excerpt":{"rendered":"<p>Matthias Hornschuh<\/p>\n","protected":false},"author":1,"featured_media":1524,"comment_status":"closed","ping_status":"closed","sticky":false,"template":"","format":"standard","meta":{"_uag_custom_page_level_css":"","footnotes":""},"categories":[1],"tags":[],"class_list":["post-1513","post","type-post","status-publish","format-standard","has-post-thumbnail","hentry","category-allgemein"],"yoast_head":"<!-- This site is optimized with the Yoast SEO plugin v27.4 - https:\/\/yoast.com\/product\/yoast-seo-wordpress\/ -->\n<title>Unsouver\u00e4n \u2013 ein Debattenbeitrag - Kulturpolitische Gesellschaft e.V.<\/title>\n<meta name=\"robots\" content=\"index, follow, max-snippet:-1, max-image-preview:large, max-video-preview:-1\" \/>\n<link rel=\"canonical\" href=\"https:\/\/kupoge.de\/blog\/2026\/02\/19\/unsouveraen-ein-debattenbeitrag\/\" \/>\n<meta property=\"og:locale\" content=\"de_DE\" \/>\n<meta property=\"og:type\" content=\"article\" \/>\n<meta property=\"og:title\" content=\"Unsouver\u00e4n \u2013 ein Debattenbeitrag - Kulturpolitische Gesellschaft e.V.\" \/>\n<meta property=\"og:description\" content=\"Matthias Hornschuh\" \/>\n<meta property=\"og:url\" content=\"https:\/\/kupoge.de\/blog\/2026\/02\/19\/unsouveraen-ein-debattenbeitrag\/\" \/>\n<meta property=\"og:site_name\" content=\"Kulturpolitische Gesellschaft e.V.\" \/>\n<meta property=\"article:published_time\" content=\"2026-02-19T11:18:58+00:00\" \/>\n<meta property=\"article:modified_time\" content=\"2026-02-19T11:24:34+00:00\" \/>\n<meta property=\"og:image\" content=\"https:\/\/kupoge.de\/blog\/wp-content\/uploads\/2026\/02\/MHornschuh_IMG_6752-2-768x5311-1.jpg\" \/>\n\t<meta property=\"og:image:width\" content=\"743\" \/>\n\t<meta property=\"og:image:height\" content=\"531\" \/>\n\t<meta property=\"og:image:type\" content=\"image\/jpeg\" \/>\n<meta name=\"author\" content=\"m39a\" \/>\n<meta name=\"twitter:card\" content=\"summary_large_image\" \/>\n<meta name=\"twitter:label1\" content=\"Verfasst von\" \/>\n\t<meta name=\"twitter:data1\" content=\"m39a\" \/>\n\t<meta name=\"twitter:label2\" content=\"Gesch\u00e4tzte Lesezeit\" \/>\n\t<meta name=\"twitter:data2\" content=\"9\u00a0Minuten\" \/>\n<script type=\"application\/ld+json\" class=\"yoast-schema-graph\">{\"@context\":\"https:\\\/\\\/schema.org\",\"@graph\":[{\"@type\":\"Article\",\"@id\":\"https:\\\/\\\/kupoge.de\\\/blog\\\/2026\\\/02\\\/19\\\/unsouveraen-ein-debattenbeitrag\\\/#article\",\"isPartOf\":{\"@id\":\"https:\\\/\\\/kupoge.de\\\/blog\\\/2026\\\/02\\\/19\\\/unsouveraen-ein-debattenbeitrag\\\/\"},\"author\":{\"name\":\"m39a\",\"@id\":\"https:\\\/\\\/kupoge.de\\\/blog\\\/#\\\/schema\\\/person\\\/cffe05354738d9b4a970fa18adc92aff\"},\"headline\":\"Unsouver\u00e4n \u2013 ein Debattenbeitrag\",\"datePublished\":\"2026-02-19T11:18:58+00:00\",\"dateModified\":\"2026-02-19T11:24:34+00:00\",\"mainEntityOfPage\":{\"@id\":\"https:\\\/\\\/kupoge.de\\\/blog\\\/2026\\\/02\\\/19\\\/unsouveraen-ein-debattenbeitrag\\\/\"},\"wordCount\":1633,\"publisher\":{\"@id\":\"https:\\\/\\\/kupoge.de\\\/blog\\\/#organization\"},\"image\":{\"@id\":\"https:\\\/\\\/kupoge.de\\\/blog\\\/2026\\\/02\\\/19\\\/unsouveraen-ein-debattenbeitrag\\\/#primaryimage\"},\"thumbnailUrl\":\"https:\\\/\\\/kupoge.de\\\/blog\\\/wp-content\\\/uploads\\\/2026\\\/02\\\/MHornschuh_IMG_6752-2-768x5311-1.jpg\",\"inLanguage\":\"de\"},{\"@type\":\"WebPage\",\"@id\":\"https:\\\/\\\/kupoge.de\\\/blog\\\/2026\\\/02\\\/19\\\/unsouveraen-ein-debattenbeitrag\\\/\",\"url\":\"https:\\\/\\\/kupoge.de\\\/blog\\\/2026\\\/02\\\/19\\\/unsouveraen-ein-debattenbeitrag\\\/\",\"name\":\"Unsouver\u00e4n \u2013 ein Debattenbeitrag - Kulturpolitische Gesellschaft e.V.\",\"isPartOf\":{\"@id\":\"https:\\\/\\\/kupoge.de\\\/blog\\\/#website\"},\"primaryImageOfPage\":{\"@id\":\"https:\\\/\\\/kupoge.de\\\/blog\\\/2026\\\/02\\\/19\\\/unsouveraen-ein-debattenbeitrag\\\/#primaryimage\"},\"image\":{\"@id\":\"https:\\\/\\\/kupoge.de\\\/blog\\\/2026\\\/02\\\/19\\\/unsouveraen-ein-debattenbeitrag\\\/#primaryimage\"},\"thumbnailUrl\":\"https:\\\/\\\/kupoge.de\\\/blog\\\/wp-content\\\/uploads\\\/2026\\\/02\\\/MHornschuh_IMG_6752-2-768x5311-1.jpg\",\"datePublished\":\"2026-02-19T11:18:58+00:00\",\"dateModified\":\"2026-02-19T11:24:34+00:00\",\"breadcrumb\":{\"@id\":\"https:\\\/\\\/kupoge.de\\\/blog\\\/2026\\\/02\\\/19\\\/unsouveraen-ein-debattenbeitrag\\\/#breadcrumb\"},\"inLanguage\":\"de\",\"potentialAction\":[{\"@type\":\"ReadAction\",\"target\":[\"https:\\\/\\\/kupoge.de\\\/blog\\\/2026\\\/02\\\/19\\\/unsouveraen-ein-debattenbeitrag\\\/\"]}]},{\"@type\":\"ImageObject\",\"inLanguage\":\"de\",\"@id\":\"https:\\\/\\\/kupoge.de\\\/blog\\\/2026\\\/02\\\/19\\\/unsouveraen-ein-debattenbeitrag\\\/#primaryimage\",\"url\":\"https:\\\/\\\/kupoge.de\\\/blog\\\/wp-content\\\/uploads\\\/2026\\\/02\\\/MHornschuh_IMG_6752-2-768x5311-1.jpg\",\"contentUrl\":\"https:\\\/\\\/kupoge.de\\\/blog\\\/wp-content\\\/uploads\\\/2026\\\/02\\\/MHornschuh_IMG_6752-2-768x5311-1.jpg\",\"width\":743,\"height\":531},{\"@type\":\"BreadcrumbList\",\"@id\":\"https:\\\/\\\/kupoge.de\\\/blog\\\/2026\\\/02\\\/19\\\/unsouveraen-ein-debattenbeitrag\\\/#breadcrumb\",\"itemListElement\":[{\"@type\":\"ListItem\",\"position\":1,\"name\":\"Startseite\",\"item\":\"https:\\\/\\\/kupoge.de\\\/blog\\\/\"},{\"@type\":\"ListItem\",\"position\":2,\"name\":\"Unsouver\u00e4n \u2013 ein Debattenbeitrag\"}]},{\"@type\":\"WebSite\",\"@id\":\"https:\\\/\\\/kupoge.de\\\/blog\\\/#website\",\"url\":\"https:\\\/\\\/kupoge.de\\\/blog\\\/\",\"name\":\"Kulturpolitische Gesellschaft e.V.\",\"description\":\"\",\"publisher\":{\"@id\":\"https:\\\/\\\/kupoge.de\\\/blog\\\/#organization\"},\"potentialAction\":[{\"@type\":\"SearchAction\",\"target\":{\"@type\":\"EntryPoint\",\"urlTemplate\":\"https:\\\/\\\/kupoge.de\\\/blog\\\/?s={search_term_string}\"},\"query-input\":{\"@type\":\"PropertyValueSpecification\",\"valueRequired\":true,\"valueName\":\"search_term_string\"}}],\"inLanguage\":\"de\"},{\"@type\":\"Organization\",\"@id\":\"https:\\\/\\\/kupoge.de\\\/blog\\\/#organization\",\"name\":\"Kulturpolitische Gesellschaft e.V.\",\"url\":\"https:\\\/\\\/kupoge.de\\\/blog\\\/\",\"logo\":{\"@type\":\"ImageObject\",\"inLanguage\":\"de\",\"@id\":\"https:\\\/\\\/kupoge.de\\\/blog\\\/#\\\/schema\\\/logo\\\/image\\\/\",\"url\":\"https:\\\/\\\/kupoge.de\\\/blog\\\/wp-content\\\/uploads\\\/2020\\\/11\\\/cropped-kupoge-logo.png\",\"contentUrl\":\"https:\\\/\\\/kupoge.de\\\/blog\\\/wp-content\\\/uploads\\\/2020\\\/11\\\/cropped-kupoge-logo.png\",\"width\":503,\"height\":63,\"caption\":\"Kulturpolitische Gesellschaft e.V.\"},\"image\":{\"@id\":\"https:\\\/\\\/kupoge.de\\\/blog\\\/#\\\/schema\\\/logo\\\/image\\\/\"}},{\"@type\":\"Person\",\"@id\":\"https:\\\/\\\/kupoge.de\\\/blog\\\/#\\\/schema\\\/person\\\/cffe05354738d9b4a970fa18adc92aff\",\"name\":\"m39a\",\"image\":{\"@type\":\"ImageObject\",\"inLanguage\":\"de\",\"@id\":\"https:\\\/\\\/secure.gravatar.com\\\/avatar\\\/4b4873431efea09c8f10a0eaa0ef2e3d25faf7ec4c9bc4e05370edd482901db2?s=96&d=mm&r=g\",\"url\":\"https:\\\/\\\/secure.gravatar.com\\\/avatar\\\/4b4873431efea09c8f10a0eaa0ef2e3d25faf7ec4c9bc4e05370edd482901db2?s=96&d=mm&r=g\",\"contentUrl\":\"https:\\\/\\\/secure.gravatar.com\\\/avatar\\\/4b4873431efea09c8f10a0eaa0ef2e3d25faf7ec4c9bc4e05370edd482901db2?s=96&d=mm&r=g\",\"caption\":\"m39a\"},\"sameAs\":[\"https:\\\/\\\/kupoge.de\\\/blog\"],\"url\":\"https:\\\/\\\/kupoge.de\\\/blog\\\/author\\\/m39a\\\/\"}]}<\/script>\n<!-- \/ Yoast SEO plugin. -->","yoast_head_json":{"title":"Unsouver\u00e4n \u2013 ein Debattenbeitrag - Kulturpolitische Gesellschaft e.V.","robots":{"index":"index","follow":"follow","max-snippet":"max-snippet:-1","max-image-preview":"max-image-preview:large","max-video-preview":"max-video-preview:-1"},"canonical":"https:\/\/kupoge.de\/blog\/2026\/02\/19\/unsouveraen-ein-debattenbeitrag\/","og_locale":"de_DE","og_type":"article","og_title":"Unsouver\u00e4n \u2013 ein Debattenbeitrag - Kulturpolitische Gesellschaft e.V.","og_description":"Matthias Hornschuh","og_url":"https:\/\/kupoge.de\/blog\/2026\/02\/19\/unsouveraen-ein-debattenbeitrag\/","og_site_name":"Kulturpolitische Gesellschaft e.V.","article_published_time":"2026-02-19T11:18:58+00:00","article_modified_time":"2026-02-19T11:24:34+00:00","og_image":[{"width":743,"height":531,"url":"https:\/\/kupoge.de\/blog\/wp-content\/uploads\/2026\/02\/MHornschuh_IMG_6752-2-768x5311-1.jpg","type":"image\/jpeg"}],"author":"m39a","twitter_card":"summary_large_image","twitter_misc":{"Verfasst von":"m39a","Gesch\u00e4tzte Lesezeit":"9\u00a0Minuten"},"schema":{"@context":"https:\/\/schema.org","@graph":[{"@type":"Article","@id":"https:\/\/kupoge.de\/blog\/2026\/02\/19\/unsouveraen-ein-debattenbeitrag\/#article","isPartOf":{"@id":"https:\/\/kupoge.de\/blog\/2026\/02\/19\/unsouveraen-ein-debattenbeitrag\/"},"author":{"name":"m39a","@id":"https:\/\/kupoge.de\/blog\/#\/schema\/person\/cffe05354738d9b4a970fa18adc92aff"},"headline":"Unsouver\u00e4n \u2013 ein Debattenbeitrag","datePublished":"2026-02-19T11:18:58+00:00","dateModified":"2026-02-19T11:24:34+00:00","mainEntityOfPage":{"@id":"https:\/\/kupoge.de\/blog\/2026\/02\/19\/unsouveraen-ein-debattenbeitrag\/"},"wordCount":1633,"publisher":{"@id":"https:\/\/kupoge.de\/blog\/#organization"},"image":{"@id":"https:\/\/kupoge.de\/blog\/2026\/02\/19\/unsouveraen-ein-debattenbeitrag\/#primaryimage"},"thumbnailUrl":"https:\/\/kupoge.de\/blog\/wp-content\/uploads\/2026\/02\/MHornschuh_IMG_6752-2-768x5311-1.jpg","inLanguage":"de"},{"@type":"WebPage","@id":"https:\/\/kupoge.de\/blog\/2026\/02\/19\/unsouveraen-ein-debattenbeitrag\/","url":"https:\/\/kupoge.de\/blog\/2026\/02\/19\/unsouveraen-ein-debattenbeitrag\/","name":"Unsouver\u00e4n \u2013 ein Debattenbeitrag - Kulturpolitische Gesellschaft e.V.","isPartOf":{"@id":"https:\/\/kupoge.de\/blog\/#website"},"primaryImageOfPage":{"@id":"https:\/\/kupoge.de\/blog\/2026\/02\/19\/unsouveraen-ein-debattenbeitrag\/#primaryimage"},"image":{"@id":"https:\/\/kupoge.de\/blog\/2026\/02\/19\/unsouveraen-ein-debattenbeitrag\/#primaryimage"},"thumbnailUrl":"https:\/\/kupoge.de\/blog\/wp-content\/uploads\/2026\/02\/MHornschuh_IMG_6752-2-768x5311-1.jpg","datePublished":"2026-02-19T11:18:58+00:00","dateModified":"2026-02-19T11:24:34+00:00","breadcrumb":{"@id":"https:\/\/kupoge.de\/blog\/2026\/02\/19\/unsouveraen-ein-debattenbeitrag\/#breadcrumb"},"inLanguage":"de","potentialAction":[{"@type":"ReadAction","target":["https:\/\/kupoge.de\/blog\/2026\/02\/19\/unsouveraen-ein-debattenbeitrag\/"]}]},{"@type":"ImageObject","inLanguage":"de","@id":"https:\/\/kupoge.de\/blog\/2026\/02\/19\/unsouveraen-ein-debattenbeitrag\/#primaryimage","url":"https:\/\/kupoge.de\/blog\/wp-content\/uploads\/2026\/02\/MHornschuh_IMG_6752-2-768x5311-1.jpg","contentUrl":"https:\/\/kupoge.de\/blog\/wp-content\/uploads\/2026\/02\/MHornschuh_IMG_6752-2-768x5311-1.jpg","width":743,"height":531},{"@type":"BreadcrumbList","@id":"https:\/\/kupoge.de\/blog\/2026\/02\/19\/unsouveraen-ein-debattenbeitrag\/#breadcrumb","itemListElement":[{"@type":"ListItem","position":1,"name":"Startseite","item":"https:\/\/kupoge.de\/blog\/"},{"@type":"ListItem","position":2,"name":"Unsouver\u00e4n \u2013 ein Debattenbeitrag"}]},{"@type":"WebSite","@id":"https:\/\/kupoge.de\/blog\/#website","url":"https:\/\/kupoge.de\/blog\/","name":"Kulturpolitische Gesellschaft e.V.","description":"","publisher":{"@id":"https:\/\/kupoge.de\/blog\/#organization"},"potentialAction":[{"@type":"SearchAction","target":{"@type":"EntryPoint","urlTemplate":"https:\/\/kupoge.de\/blog\/?s={search_term_string}"},"query-input":{"@type":"PropertyValueSpecification","valueRequired":true,"valueName":"search_term_string"}}],"inLanguage":"de"},{"@type":"Organization","@id":"https:\/\/kupoge.de\/blog\/#organization","name":"Kulturpolitische Gesellschaft e.V.","url":"https:\/\/kupoge.de\/blog\/","logo":{"@type":"ImageObject","inLanguage":"de","@id":"https:\/\/kupoge.de\/blog\/#\/schema\/logo\/image\/","url":"https:\/\/kupoge.de\/blog\/wp-content\/uploads\/2020\/11\/cropped-kupoge-logo.png","contentUrl":"https:\/\/kupoge.de\/blog\/wp-content\/uploads\/2020\/11\/cropped-kupoge-logo.png","width":503,"height":63,"caption":"Kulturpolitische Gesellschaft e.V."},"image":{"@id":"https:\/\/kupoge.de\/blog\/#\/schema\/logo\/image\/"}},{"@type":"Person","@id":"https:\/\/kupoge.de\/blog\/#\/schema\/person\/cffe05354738d9b4a970fa18adc92aff","name":"m39a","image":{"@type":"ImageObject","inLanguage":"de","@id":"https:\/\/secure.gravatar.com\/avatar\/4b4873431efea09c8f10a0eaa0ef2e3d25faf7ec4c9bc4e05370edd482901db2?s=96&d=mm&r=g","url":"https:\/\/secure.gravatar.com\/avatar\/4b4873431efea09c8f10a0eaa0ef2e3d25faf7ec4c9bc4e05370edd482901db2?s=96&d=mm&r=g","contentUrl":"https:\/\/secure.gravatar.com\/avatar\/4b4873431efea09c8f10a0eaa0ef2e3d25faf7ec4c9bc4e05370edd482901db2?s=96&d=mm&r=g","caption":"m39a"},"sameAs":["https:\/\/kupoge.de\/blog"],"url":"https:\/\/kupoge.de\/blog\/author\/m39a\/"}]}},"uagb_featured_image_src":{"full":["https:\/\/kupoge.de\/blog\/wp-content\/uploads\/2026\/02\/MHornschuh_IMG_6752-2-768x5311-1.jpg",743,531,false],"thumbnail":["https:\/\/kupoge.de\/blog\/wp-content\/uploads\/2026\/02\/MHornschuh_IMG_6752-2-768x5311-1-150x150.jpg",150,150,true],"medium":["https:\/\/kupoge.de\/blog\/wp-content\/uploads\/2026\/02\/MHornschuh_IMG_6752-2-768x5311-1-300x214.jpg",300,214,true],"medium_large":["https:\/\/kupoge.de\/blog\/wp-content\/uploads\/2026\/02\/MHornschuh_IMG_6752-2-768x5311-1.jpg",580,415,false],"large":["https:\/\/kupoge.de\/blog\/wp-content\/uploads\/2026\/02\/MHornschuh_IMG_6752-2-768x5311-1.jpg",580,415,false],"1536x1536":["https:\/\/kupoge.de\/blog\/wp-content\/uploads\/2026\/02\/MHornschuh_IMG_6752-2-768x5311-1.jpg",743,531,false],"2048x2048":["https:\/\/kupoge.de\/blog\/wp-content\/uploads\/2026\/02\/MHornschuh_IMG_6752-2-768x5311-1.jpg",743,531,false],"post-thumbnail":["https:\/\/kupoge.de\/blog\/wp-content\/uploads\/2026\/02\/MHornschuh_IMG_6752-2-768x5311-1.jpg",743,531,false],"twentytwenty-fullscreen":["https:\/\/kupoge.de\/blog\/wp-content\/uploads\/2026\/02\/MHornschuh_IMG_6752-2-768x5311-1.jpg",743,531,false]},"uagb_author_info":{"display_name":"m39a","author_link":"https:\/\/kupoge.de\/blog\/author\/m39a\/"},"uagb_comment_info":0,"uagb_excerpt":"Matthias Hornschuh","_links":{"self":[{"href":"https:\/\/kupoge.de\/blog\/wp-json\/wp\/v2\/posts\/1513","targetHints":{"allow":["GET"]}}],"collection":[{"href":"https:\/\/kupoge.de\/blog\/wp-json\/wp\/v2\/posts"}],"about":[{"href":"https:\/\/kupoge.de\/blog\/wp-json\/wp\/v2\/types\/post"}],"author":[{"embeddable":true,"href":"https:\/\/kupoge.de\/blog\/wp-json\/wp\/v2\/users\/1"}],"replies":[{"embeddable":true,"href":"https:\/\/kupoge.de\/blog\/wp-json\/wp\/v2\/comments?post=1513"}],"version-history":[{"count":7,"href":"https:\/\/kupoge.de\/blog\/wp-json\/wp\/v2\/posts\/1513\/revisions"}],"predecessor-version":[{"id":1539,"href":"https:\/\/kupoge.de\/blog\/wp-json\/wp\/v2\/posts\/1513\/revisions\/1539"}],"wp:featuredmedia":[{"embeddable":true,"href":"https:\/\/kupoge.de\/blog\/wp-json\/wp\/v2\/media\/1524"}],"wp:attachment":[{"href":"https:\/\/kupoge.de\/blog\/wp-json\/wp\/v2\/media?parent=1513"}],"wp:term":[{"taxonomy":"category","embeddable":true,"href":"https:\/\/kupoge.de\/blog\/wp-json\/wp\/v2\/categories?post=1513"},{"taxonomy":"post_tag","embeddable":true,"href":"https:\/\/kupoge.de\/blog\/wp-json\/wp\/v2\/tags?post=1513"}],"curies":[{"name":"wp","href":"https:\/\/api.w.org\/{rel}","templated":true}]}}