{"id":1526,"date":"2026-03-06T11:44:34","date_gmt":"2026-03-06T10:44:34","guid":{"rendered":"https:\/\/kupoge.de\/blog\/?p=1526"},"modified":"2026-03-09T10:30:07","modified_gmt":"2026-03-09T09:30:07","slug":"raum-fuer-austausch-digitale-technologien-in-kunst-und-kultur","status":"publish","type":"post","link":"https:\/\/kupoge.de\/blog\/2026\/03\/06\/raum-fuer-austausch-digitale-technologien-in-kunst-und-kultur\/","title":{"rendered":"Raum f\u00fcr Austausch: Digitale Technologien in Kunst und Kultur"},"content":{"rendered":"\n<p>\u00bbAktuelle Erz\u00e4hlungen rund um technologische Entwicklungen sind durchzogen von Darstellungen des Unvermeidlichen. Es wird die Erwartung erzeugt, dass Menschen sich an die technologischen Entwicklungen anpassen m\u00fcssen.\u00ab<\/p>\n\n\n\n<p>Dieser Satz stammt aus einer ersten Version eines Ank\u00fcndigungstext f\u00fcr das Panel <strong>\u00bbUnerreichbare Gegenwarten, unvermeidliche Enden\u00ab <\/strong>zu dem ich als Leiter des B\u00fcro medienwerk.nrw im Oktober 2025 Kulturtheoretiker, Soziologinnen und Medienwissenschaftler*innen eingeladen habe. Sie sprachen im Rahmen der MedienKunstTage NRW 2025 unter dem Motto <strong>\u00bbMore Future!\u00ab<\/strong> \u00fcber aktuelle Entwicklungen rund um die gef\u00e4hrlichen Zukunftsvorstellungen von Tech-Milliard\u00e4ren und dar\u00fcber wie Macht, Geld und Ideologie hier zusammenkommen. In diesem Panel gelang es nicht unbedingt, den grundlegend optimistischen Ansatz, der der Veranstaltung zugrunde lag, durchzuhalten. Sie sollte Hoffnung nicht als naive Haltung, sondern als kritische Praxis verstehen.<a href=\"#_ftn1\" id=\"_ftnref1\">[1]<\/a><\/p>\n\n\n\n<p>Dennoch, oder gerade deswegen, ist mir dieser Satz so lebendig in Erinnerung geblieben. Ich frage mich, was diesen Darstellungen einer von gro\u00dfen Firmen und ihren Entscheidungen (von Palantir bis OpenAI) gepr\u00e4gten Zukunft entgegengesetzt werden kann und wie sich die in dem Satz steckende Logik umkehren l\u00e4sst: Wo k\u00f6nnen digitale Technologie und vernetzte Systeme vielgestaltige Vorstellungswelten \u00f6ffnen, unterschiedlichste Arten der Nutzung hervorrufen und den Raum \u00f6ffnen, frei und gleichberechtigt dar\u00fcber zu sprechen und zu streiten, wie viel von welcher Technologie die grunds\u00e4tzlich zur Verf\u00fcgung steht, auch genutzt werden sollte. Und auch auf welche Weise.<\/p>\n\n\n\n<p>Einer der Orte, an dem solche Freir\u00e4ume erzeugt werden <em>k\u00f6nnten<\/em>, sind die Kunst- und Kulturinstitutionen. Voraussetzung daf\u00fcr sind, neben der weiteren \u00f6ffentlichen Finanzierung und der fortschreitenden Bem\u00fchung diese Orte f\u00fcr m\u00f6glichst viele unterschiedliche Menschen zug\u00e4nglich zu machen, eine andere Haltung \u00bbdem Digitalen\u00ab gegen\u00fcber sowie praktische \u00c4nderungen in kulturellen Infrastrukturen und Systemen.<\/p>\n\n\n\n<p>Dazu folgen hier ein paar Denkanst\u00f6\u00dfe in Thesenform<a href=\"#_ftn2\" id=\"_ftnref2\">[2]<\/a>.<\/p>\n\n\n\n<p><strong>Erste These<\/strong><\/p>\n\n\n\n<p><strong>Wir m\u00fcssen in Kunst und Kulturr\u00e4umen besser informiert, vielgestaltig und ernsthaft \u00fcber den Einfluss von Technologie auf jeden Aspekt unseres Zusammenlebens und unserer Zukunft sprechen und dies k\u00fcnstlerisch erforschen und zug\u00e4nglich kommunizieren.<\/strong><\/p>\n\n\n\n<p>Denn nur weil wir etwas alle nutzen, bedeutet das nicht, das wir es verstehen.<a href=\"#_ftn3\" id=\"_ftnref3\">[3]<\/a> Von Akteur*innen in Kunst und Kultur wird erwartet, alle Aspekte der zeitgen\u00f6ssischen Welt zu nutzen. Dabei verf\u00fchren die einfach bedienbaren Services und Dienste zur regelm\u00e4\u00dfigen Nutzung und die immerw\u00e4hrende Ausf\u00fchrung \u00fcber z.B. die Folgen von KI zum Gef\u00fchl, gut informiert zu sein und selbst mitsprechen zu k\u00f6nnen. Dabei sind wir umgeben von neu entstehenden Kommunikationswegen und Kulturtechniken, bei denen die Geschwindigkeit der Verbreitung in der Menschheitsgeschichte absolut einzigartig ist.<a href=\"#_ftn4\" id=\"_ftnref4\">[4]<\/a> Gerade deswegen ist es notwendig, dass dieser gro\u00dfe Teil unseres Lebens in Kunst- und Kultur st\u00e4rker abgebildet wird und mehr Stimmen, sei es von K\u00fcnstler*innen oder Wissenschaftler*innen, die sich schon seit l\u00e4ngerem mit den Ver\u00e4nderungen kritisch und differenziert auseinandersetzen, geh\u00f6rt werden. Denn f\u00fcr demokratische Gesellschaften, in denen wir alle mitentscheiden, ist Wissen \u00fcber die Zusammenh\u00e4nge, ist ein Gef\u00fchl f\u00fcr die Richtung, in die sich Dinge entwickeln und ob das die richtige Richtung f\u00fcr ein m\u00f6glichst gutes Leben f\u00fcr m\u00f6glichst viele von uns ist, unabdingbar. Es braucht R\u00e4ume, in denen diskutiert werden kann, was das \u00bbgute Leben\u00ab \u00fcberhaupt sein k\u00f6nnte.<\/p>\n\n\n\n<p><strong>Zweite These<\/strong><\/p>\n\n\n\n<p><strong>Um Freir\u00e4ume f\u00fcr Kunst zu erhalten, brauchen wir Wege, die Dominanz gro\u00dfer Technologieunternehmen einzuschr\u00e4nken.<\/strong><\/p>\n\n\n\n<p>Wenn wir uns umsehen, so m\u00fcssen wir feststellen, dass der digitale Raum unter zunehmender Kontrolle durch gro\u00dfe Tech-Firmen ist.<a href=\"#_ftn5\" id=\"_ftnref5\">[5]<\/a> Es braucht dort aber dringend Freir\u00e4ume f\u00fcr K\u00fcnstler*innen und Kultureinrichtungen, um gedanklich und in der Art der Produktion vielgestaltig bleiben zu k\u00f6nnen. Texte und bildliche \u00c4sthetiken passen sich zusehends ein in externe Vorgaben (was findet die Suchmaschine, was erzeugt Clicks, welche Prompts brauche ich, um einen guten Text zu erstellen). Sich diesen Logiken nicht anzupassen, sollte Privileg und St\u00e4rke der Kunst bleiben.<\/p>\n\n\n\n<p>Um dies zu erm\u00f6glichen, braucht es kontinuierliche F\u00f6rderung, um Kulturr\u00e4ume im Internet zu sichern. Damit diese F\u00f6rderung nicht direkt wieder zu den gro\u00dfen Tech-Unternehmen wandert, sollte Internet-Infrastruktur als staatliche Aufgabe verstanden werden, \u00e4hnlich wie bei anderen wichtigen Infrastrukturen. Ein kurzer Weg dahin w\u00e4re, wenn Kommunen und Bundesl\u00e4nder einen Teil ihres Etats f\u00fcr digitale Infrastruktur<a href=\"#_ftn6\" id=\"_ftnref6\">[6]<\/a> von Kunst und Kultur ausgeben w\u00fcrden, sind sie doch in erster Linie f\u00fcr die kulturelle Versorgung in Deutschland zust\u00e4ndig.<\/p>\n\n\n\n<p>In diesem Zusammenhang braucht es unbedingt den Willen von Kunst- und Kultureinrichtungen und staatlichen Stellen, nicht sehr viel Geld an Microsoft, Apple und (in Zukunft) OpenAI zu zahlen, sondern konsequent den Weg von Open Source und Open Access zu gehen.<\/p>\n\n\n\n<p>Es sind aber nicht nur die Institutionen, bei denen \u00c4nderungen notwendig sind. Auch K\u00fcnstler*innen k\u00f6nnen hier eine zentrale Rolle spielen, in dem sie sich z.B. vor Beginn einer Arbeit einer ausf\u00fchrlichen Recherche widmen, wo an bereits ver\u00f6ffentlichtem Wissen und L\u00f6sungen, die au\u00dferhalb der g\u00e4ngigen Programme bereits existieren, angekn\u00fcpft werden kann und aktiv nach Alternativen suchen zu ready-made L\u00f6sungen, die sehr viel Energie verbrauchen und Elend hervorbringen. Ebenso w\u00fcrde es helfen, wenn sie die Dokumentation und Zug\u00e4nglichmachung von eigenen digitalen Projekten als eine ihrer zentralen Aufgaben verstehen.<\/p>\n\n\n\n<p><strong>Dritte These<\/strong><\/p>\n\n\n\n<p><strong>Um Themen der digitalen Gegenwart in Kultureinrichtungen ad\u00e4quat sprechen zu k\u00f6nnen, braucht es langfristige digitale Strategien. Sowohl in Kultureinrichtungen als auch in der Kulturpolitik.<\/strong><\/p>\n\n\n\n<p>Ein Grund f\u00fcr den Mangel an Strategie ist, dass die Integration von Digitalit\u00e4t in Kulturinstitutionen Zeit ben\u00f6tigt, die oft nicht zur Verf\u00fcgung steht.<\/p>\n\n\n\n<p>Kulturinstitutionen brauchen Offenheit und die Bereitschaft, eigene Ans\u00e4tze und L\u00f6sungen zu teilen, aber auch sich umf\u00e4nglich nach schon existierenden Ans\u00e4tzen umzuschauen. Daf\u00fcr braucht es Personalstellen auf denen sich Menschen ausschlie\u00dflich mit Vernetzung, Austausch und Lernen besch\u00e4ftigen k\u00f6nnen. Lernen von anderen digitalen k\u00fcnstlerisch-\u00e4sthetischen Ans\u00e4tzen, anderen Kan\u00e4len und Themen \u2013 und die M\u00f6glichkeit dieses Wissen an geeigneter Stelle einzubringen.<\/p>\n\n\n\n<p>Dies sollte einhergehen mit dem Willen zu Umstrukturierungen: Um mehr Zeit f\u00fcr eine geplante und durchdachte Einbindung digitaler Formate und Themen \u2013 und den Austausch dar\u00fcber \u2013 zu erm\u00f6glichen, m\u00fcssen alle existierenden Aktivit\u00e4ten kritisch gepr\u00fcft und teilweise durch neue Aktivit\u00e4ten ersetzt werden. Die \u00fcbliche Praxis, das Digitale als etwas zu verstehen, das \u00bbman auch noch nebenher macht\u00ab f\u00fchrt hier zu nichts.<\/p>\n\n\n\n<p>F\u00fcr all das ist zentral: Kulturinstitutionen brauchen Leitungspersonen, die einen grunds\u00e4tzlichen \u00c4nderungswillen in diese Richtung haben und \u00dcberzeugungsarbeit daf\u00fcr leisten. Im Idealfall erhalten sie dabei Unterst\u00fctzung von einer Kulturpolitik, die Stellen innerhalb und au\u00dferhalb von Institutionen schafft: um K\u00fcnstler*innen, Kunst- und Kulturinstitutionen zu beraten und neue Freir\u00e4ume f\u00fcr zukunftsweisende Praxen zu erm\u00f6glichen.<\/p>\n\n\n\n<p>Wenn wir davon ausgehen, dass die digitale Sph\u00e4re bereits tiefgreifend in unsere Leben eingedrungen ist und bestimmt wird durch handelnde Akteur*innen \u2013 die ihre eigenen, h\u00e4ufig nicht mit vielgestaltigen, nachhaltigen, demokratischen Zuk\u00fcnften zu vereinbarenden Pl\u00e4ne haben \u2013 brauchen wir f\u00fcr unsere eigenen Zukunftsvisionen auch (zumindest zum Teil) unsere eigenen digitalen Orte, Plattformen und \u00c4sthetiken.<\/p>\n\n\n\n<hr class=\"wp-block-separator has-alpha-channel-opacity\"\/>\n\n\n\n<p><a href=\"#_ftnref1\" id=\"_ftn1\">[1]<\/a> Inwieweit das gelungen ist, l\u00e4sst sich in folgenden Videoaufzeichnungen nachverfolgen: <a href=\"https:\/\/www.medienwerk.nrw\/projects\/more-future-medienkunsttage-nrw-2025\/\">https:\/\/www.medienwerk.nrw\/projects\/more-future-medienkunsttage-nrw-2025\/<\/a>, sowie in den sehr lesenswerten Texten von Fabian Raith: <a href=\"https:\/\/www.medienwerk.nrw\/articles\/fabian-raith-usually-everyone-wants-it-they-just-dont-want-the-extra-work\/\">https:\/\/www.medienwerk.nrw\/articles\/fabian-raith-usually-everyone-wants-it-they-just-dont-want-the-extra-work\/<\/a> und den inhaltlichen Erg\u00e4nzungen von Felix Maschweski und Anna-Verena Nosthoff: <a href=\"https:\/\/www.medienwerk.nrw\/articles\/die-welt-ist-nicht-genug-longtermism-als-moralphilosophie-des-untergangs\/\">https:\/\/www.medienwerk.nrw\/articles\/die-welt-ist-nicht-genug-longtermism-als-moralphilosophie-des-untergangs\/<\/a> nachlesen.<\/p>\n\n\n\n<p><a href=\"#_ftnref2\" id=\"_ftn2\">[2]<\/a> Die Thesen wurden erstmals im Rahmen des Symposiums \u00bbDigitalit\u00e4t, Demokratie &amp; Kultur\u00ab des Moovy Tanzfilmfestival in K\u00f6ln im November 2025 pr\u00e4sentiert und f\u00fcr diesen Beitrag \u00fcberarbeitet.<\/p>\n\n\n\n<p><a href=\"#_ftnref3\" id=\"_ftn3\">[3]<\/a> Verstehen hei\u00dft hier aus meiner Perspektive sowohl die technische Infrastruktur, die sozialen Auswirkungen, die \u00f6kologischen Folgen, die Bedeutung f\u00fcr die Meinungsbildung und den Informationsfluss, die Entstehung von Gemeinschaften, das Denken in Zugeh\u00f6rigkeiten.<\/p>\n\n\n\n<p><a href=\"#_ftnref4\" id=\"_ftn4\">[4]<\/a> W\u00e4hrend wir zugleich auch weiterhin neue Dinge lernen. Dazu wie Sprache funktioniert, unser Denken und die nicht-menschlichen Systeme um uns herum. Zugleich sind wir selbst den Effekten von sogenannten Sozialen Medien, von XR-R\u00e4umen, von einigerma\u00dfen autonom agierenden Systemen wie sogenannten KI-Algorithmen, Neuronalen Netzen, LLMs und Bildgeneratoren ausgesetzt.<\/p>\n\n\n\n<p><a href=\"#_ftnref5\" id=\"_ftn5\">[5]<\/a> Diese Erkenntnis ist nicht neu, die aktive Gegenwehr dagegen scheint jedoch, basierend auf dem was in Medien mit gro\u00dfer Reichweite sichtbar ist, zu erlahmen. Daf\u00fcr, wie tiefgreifend die digitale Sph\u00e4re unseren Alltag, unsere Meinungsbildung und unsere Arbeitswelt pr\u00e4gt, ist \u00bbNetzpolitik\u00ab stark unterrepr\u00e4sentiert. Trotz aller wichtigen Einw\u00fcrfe u.a. von netzpolitik.org, digitalcourage.de, dem CCC.de und vielen weiteren wichtigen Akteur*innen.<\/p>\n\n\n\n<p><a href=\"#_ftnref6\" id=\"_ftn6\">[6]<\/a> Mit Infrastruktur sind hier gemeint: Hardware (z.B. Server vor Ort statt in der Cloud) und Software (z.B. individuell anpassbare L\u00f6sungen zentral programmiert f\u00fcr alle Theater oder Museen statt die vielhundertfache Neuerfindung des Rades oder externe, einschr\u00e4nkende Programme).<\/p>\n\n\n\n<p><a id=\"_msocom_1\"><\/a><\/p>\n\n\n\n<hr class=\"wp-block-separator has-alpha-channel-opacity\"\/>\n\n\n\n<div class=\"wp-block-columns is-layout-flex wp-container-core-columns-is-layout-9d6595d7 wp-block-columns-is-layout-flex\">\n<div class=\"wp-block-column is-layout-flow wp-block-column-is-layout-flow\" style=\"flex-basis:33.33%\">\n<figure class=\"wp-block-image size-large\"><img loading=\"lazy\" decoding=\"async\" width=\"679\" height=\"1024\" src=\"https:\/\/kupoge.de\/blog\/wp-content\/uploads\/2026\/03\/Klaas-Werner2CPLZZO-Photography-679x1024.jpg\" alt=\"\" class=\"wp-image-1528\" srcset=\"https:\/\/kupoge.de\/blog\/wp-content\/uploads\/2026\/03\/Klaas-Werner2CPLZZO-Photography-679x1024.jpg 679w, https:\/\/kupoge.de\/blog\/wp-content\/uploads\/2026\/03\/Klaas-Werner2CPLZZO-Photography-199x300.jpg 199w, https:\/\/kupoge.de\/blog\/wp-content\/uploads\/2026\/03\/Klaas-Werner2CPLZZO-Photography-768x1158.jpg 768w, https:\/\/kupoge.de\/blog\/wp-content\/uploads\/2026\/03\/Klaas-Werner2CPLZZO-Photography-1019x1536.jpg 1019w, https:\/\/kupoge.de\/blog\/wp-content\/uploads\/2026\/03\/Klaas-Werner2CPLZZO-Photography-1358x2048.jpg 1358w, https:\/\/kupoge.de\/blog\/wp-content\/uploads\/2026\/03\/Klaas-Werner2CPLZZO-Photography-1200x1810.jpg 1200w, https:\/\/kupoge.de\/blog\/wp-content\/uploads\/2026\/03\/Klaas-Werner2CPLZZO-Photography.jpg 1567w\" sizes=\"auto, (max-width: 679px) 100vw, 679px\" \/><\/figure>\n\n\n\n<p>Foto: PLZZO-Photography<\/p>\n<\/div>\n\n\n\n<div class=\"wp-block-column is-layout-flow wp-block-column-is-layout-flow\" style=\"flex-basis:66.66%\">\n<p><strong>Klaas Werner<\/strong> arbeitet an der Schnittstelle von Theater und Medienkunst. Sein gesteigertes Interesse gilt der Erforschung von Kommunikations- und Narrationspotentialen zeitgen\u00f6ssischer Medien sowie technischen Infrastrukturen. Als Gr\u00fcndungsmitglied von Anna Kpok entwickelt er im Kollektiv seit 2009 Theater-Games, on- und offline Performances, Installationen und interaktive Texte, die sich als Playful Encounters beschreiben lassen.<\/p>\n\n\n\n<p>Anna Kpok kooperierte u.a. mit: Schaubude Berlin, Ruhrtriennale, Games Festival M\u00fcnchen, Theater Dortmund, Fidena, Ringlokschuppen.Ruhr. Au\u00dferdem war Klaas Werner zwischen 2015 und 2025 in verschiedenen Funktionen f\u00fcr das B\u00fcro medienwerk.nrw \u2013 Medienkunst und digitale Kultur in NRW \u2013 t\u00e4tig, von M\u00e4rz bis Dezember 2025 als Leitung. Er konzipiert und organsiert im Rahmen dessen F\u00f6rderprogramme, Konferenzen, Workshops, Online-Reihen und Diskursveranstaltungen zu zeitgen\u00f6ssischen Themen aus den Bereichen Medienkunst und digitale Kultur. Zuletzt: More Future! MedienKunstTage NRW<\/p>\n<\/div>\n<\/div>\n","protected":false},"excerpt":{"rendered":"<p>Klaas Werner<\/p>\n","protected":false},"author":1,"featured_media":1530,"comment_status":"closed","ping_status":"closed","sticky":false,"template":"","format":"standard","meta":{"_uag_custom_page_level_css":"","footnotes":""},"categories":[1],"tags":[],"class_list":["post-1526","post","type-post","status-publish","format-standard","has-post-thumbnail","hentry","category-allgemein"],"yoast_head":"<!-- This site is optimized with the Yoast SEO plugin v27.4 - https:\/\/yoast.com\/product\/yoast-seo-wordpress\/ -->\n<title>Raum f\u00fcr Austausch: Digitale Technologien in Kunst und Kultur - Kulturpolitische Gesellschaft e.V.<\/title>\n<meta name=\"robots\" content=\"index, follow, max-snippet:-1, max-image-preview:large, max-video-preview:-1\" \/>\n<link rel=\"canonical\" href=\"https:\/\/kupoge.de\/blog\/2026\/03\/06\/raum-fuer-austausch-digitale-technologien-in-kunst-und-kultur\/\" \/>\n<meta property=\"og:locale\" content=\"de_DE\" \/>\n<meta property=\"og:type\" content=\"article\" \/>\n<meta property=\"og:title\" content=\"Raum f\u00fcr Austausch: Digitale Technologien in Kunst und Kultur - Kulturpolitische Gesellschaft e.V.\" \/>\n<meta property=\"og:description\" content=\"Klaas Werner\" \/>\n<meta property=\"og:url\" content=\"https:\/\/kupoge.de\/blog\/2026\/03\/06\/raum-fuer-austausch-digitale-technologien-in-kunst-und-kultur\/\" \/>\n<meta property=\"og:site_name\" content=\"Kulturpolitische Gesellschaft e.V.\" \/>\n<meta property=\"article:published_time\" content=\"2026-03-06T10:44:34+00:00\" \/>\n<meta property=\"article:modified_time\" content=\"2026-03-09T09:30:07+00:00\" \/>\n<meta property=\"og:image\" content=\"https:\/\/kupoge.de\/blog\/wp-content\/uploads\/2026\/03\/05_AnnaKpokTara_SchaubudeCPLZZO_7_5-scaled.jpg\" \/>\n\t<meta property=\"og:image:width\" content=\"2560\" \/>\n\t<meta property=\"og:image:height\" content=\"1829\" \/>\n\t<meta property=\"og:image:type\" content=\"image\/jpeg\" \/>\n<meta name=\"author\" content=\"m39a\" \/>\n<meta name=\"twitter:card\" content=\"summary_large_image\" \/>\n<meta name=\"twitter:label1\" content=\"Verfasst von\" \/>\n\t<meta name=\"twitter:data1\" content=\"m39a\" \/>\n\t<meta name=\"twitter:label2\" content=\"Gesch\u00e4tzte Lesezeit\" \/>\n\t<meta name=\"twitter:data2\" content=\"9\u00a0Minuten\" \/>\n<script type=\"application\/ld+json\" class=\"yoast-schema-graph\">{\"@context\":\"https:\\\/\\\/schema.org\",\"@graph\":[{\"@type\":\"Article\",\"@id\":\"https:\\\/\\\/kupoge.de\\\/blog\\\/2026\\\/03\\\/06\\\/raum-fuer-austausch-digitale-technologien-in-kunst-und-kultur\\\/#article\",\"isPartOf\":{\"@id\":\"https:\\\/\\\/kupoge.de\\\/blog\\\/2026\\\/03\\\/06\\\/raum-fuer-austausch-digitale-technologien-in-kunst-und-kultur\\\/\"},\"author\":{\"name\":\"m39a\",\"@id\":\"https:\\\/\\\/kupoge.de\\\/blog\\\/#\\\/schema\\\/person\\\/cffe05354738d9b4a970fa18adc92aff\"},\"headline\":\"Raum f\u00fcr Austausch: Digitale Technologien in Kunst und Kultur\",\"datePublished\":\"2026-03-06T10:44:34+00:00\",\"dateModified\":\"2026-03-09T09:30:07+00:00\",\"mainEntityOfPage\":{\"@id\":\"https:\\\/\\\/kupoge.de\\\/blog\\\/2026\\\/03\\\/06\\\/raum-fuer-austausch-digitale-technologien-in-kunst-und-kultur\\\/\"},\"wordCount\":1605,\"publisher\":{\"@id\":\"https:\\\/\\\/kupoge.de\\\/blog\\\/#organization\"},\"image\":{\"@id\":\"https:\\\/\\\/kupoge.de\\\/blog\\\/2026\\\/03\\\/06\\\/raum-fuer-austausch-digitale-technologien-in-kunst-und-kultur\\\/#primaryimage\"},\"thumbnailUrl\":\"https:\\\/\\\/kupoge.de\\\/blog\\\/wp-content\\\/uploads\\\/2026\\\/03\\\/05_AnnaKpokTara_SchaubudeCPLZZO_7_5-scaled.jpg\",\"inLanguage\":\"de\"},{\"@type\":\"WebPage\",\"@id\":\"https:\\\/\\\/kupoge.de\\\/blog\\\/2026\\\/03\\\/06\\\/raum-fuer-austausch-digitale-technologien-in-kunst-und-kultur\\\/\",\"url\":\"https:\\\/\\\/kupoge.de\\\/blog\\\/2026\\\/03\\\/06\\\/raum-fuer-austausch-digitale-technologien-in-kunst-und-kultur\\\/\",\"name\":\"Raum f\u00fcr Austausch: Digitale Technologien in Kunst und Kultur - Kulturpolitische Gesellschaft e.V.\",\"isPartOf\":{\"@id\":\"https:\\\/\\\/kupoge.de\\\/blog\\\/#website\"},\"primaryImageOfPage\":{\"@id\":\"https:\\\/\\\/kupoge.de\\\/blog\\\/2026\\\/03\\\/06\\\/raum-fuer-austausch-digitale-technologien-in-kunst-und-kultur\\\/#primaryimage\"},\"image\":{\"@id\":\"https:\\\/\\\/kupoge.de\\\/blog\\\/2026\\\/03\\\/06\\\/raum-fuer-austausch-digitale-technologien-in-kunst-und-kultur\\\/#primaryimage\"},\"thumbnailUrl\":\"https:\\\/\\\/kupoge.de\\\/blog\\\/wp-content\\\/uploads\\\/2026\\\/03\\\/05_AnnaKpokTara_SchaubudeCPLZZO_7_5-scaled.jpg\",\"datePublished\":\"2026-03-06T10:44:34+00:00\",\"dateModified\":\"2026-03-09T09:30:07+00:00\",\"breadcrumb\":{\"@id\":\"https:\\\/\\\/kupoge.de\\\/blog\\\/2026\\\/03\\\/06\\\/raum-fuer-austausch-digitale-technologien-in-kunst-und-kultur\\\/#breadcrumb\"},\"inLanguage\":\"de\",\"potentialAction\":[{\"@type\":\"ReadAction\",\"target\":[\"https:\\\/\\\/kupoge.de\\\/blog\\\/2026\\\/03\\\/06\\\/raum-fuer-austausch-digitale-technologien-in-kunst-und-kultur\\\/\"]}]},{\"@type\":\"ImageObject\",\"inLanguage\":\"de\",\"@id\":\"https:\\\/\\\/kupoge.de\\\/blog\\\/2026\\\/03\\\/06\\\/raum-fuer-austausch-digitale-technologien-in-kunst-und-kultur\\\/#primaryimage\",\"url\":\"https:\\\/\\\/kupoge.de\\\/blog\\\/wp-content\\\/uploads\\\/2026\\\/03\\\/05_AnnaKpokTara_SchaubudeCPLZZO_7_5-scaled.jpg\",\"contentUrl\":\"https:\\\/\\\/kupoge.de\\\/blog\\\/wp-content\\\/uploads\\\/2026\\\/03\\\/05_AnnaKpokTara_SchaubudeCPLZZO_7_5-scaled.jpg\",\"width\":2560,\"height\":1829,\"caption\":\"AnnaKpokTara, Schaubude \u00a9 PLZZO\"},{\"@type\":\"BreadcrumbList\",\"@id\":\"https:\\\/\\\/kupoge.de\\\/blog\\\/2026\\\/03\\\/06\\\/raum-fuer-austausch-digitale-technologien-in-kunst-und-kultur\\\/#breadcrumb\",\"itemListElement\":[{\"@type\":\"ListItem\",\"position\":1,\"name\":\"Startseite\",\"item\":\"https:\\\/\\\/kupoge.de\\\/blog\\\/\"},{\"@type\":\"ListItem\",\"position\":2,\"name\":\"Raum f\u00fcr Austausch: Digitale Technologien in Kunst und Kultur\"}]},{\"@type\":\"WebSite\",\"@id\":\"https:\\\/\\\/kupoge.de\\\/blog\\\/#website\",\"url\":\"https:\\\/\\\/kupoge.de\\\/blog\\\/\",\"name\":\"Kulturpolitische Gesellschaft e.V.\",\"description\":\"\",\"publisher\":{\"@id\":\"https:\\\/\\\/kupoge.de\\\/blog\\\/#organization\"},\"potentialAction\":[{\"@type\":\"SearchAction\",\"target\":{\"@type\":\"EntryPoint\",\"urlTemplate\":\"https:\\\/\\\/kupoge.de\\\/blog\\\/?s={search_term_string}\"},\"query-input\":{\"@type\":\"PropertyValueSpecification\",\"valueRequired\":true,\"valueName\":\"search_term_string\"}}],\"inLanguage\":\"de\"},{\"@type\":\"Organization\",\"@id\":\"https:\\\/\\\/kupoge.de\\\/blog\\\/#organization\",\"name\":\"Kulturpolitische Gesellschaft e.V.\",\"url\":\"https:\\\/\\\/kupoge.de\\\/blog\\\/\",\"logo\":{\"@type\":\"ImageObject\",\"inLanguage\":\"de\",\"@id\":\"https:\\\/\\\/kupoge.de\\\/blog\\\/#\\\/schema\\\/logo\\\/image\\\/\",\"url\":\"https:\\\/\\\/kupoge.de\\\/blog\\\/wp-content\\\/uploads\\\/2020\\\/11\\\/cropped-kupoge-logo.png\",\"contentUrl\":\"https:\\\/\\\/kupoge.de\\\/blog\\\/wp-content\\\/uploads\\\/2020\\\/11\\\/cropped-kupoge-logo.png\",\"width\":503,\"height\":63,\"caption\":\"Kulturpolitische Gesellschaft e.V.\"},\"image\":{\"@id\":\"https:\\\/\\\/kupoge.de\\\/blog\\\/#\\\/schema\\\/logo\\\/image\\\/\"}},{\"@type\":\"Person\",\"@id\":\"https:\\\/\\\/kupoge.de\\\/blog\\\/#\\\/schema\\\/person\\\/cffe05354738d9b4a970fa18adc92aff\",\"name\":\"m39a\",\"image\":{\"@type\":\"ImageObject\",\"inLanguage\":\"de\",\"@id\":\"https:\\\/\\\/secure.gravatar.com\\\/avatar\\\/4b4873431efea09c8f10a0eaa0ef2e3d25faf7ec4c9bc4e05370edd482901db2?s=96&d=mm&r=g\",\"url\":\"https:\\\/\\\/secure.gravatar.com\\\/avatar\\\/4b4873431efea09c8f10a0eaa0ef2e3d25faf7ec4c9bc4e05370edd482901db2?s=96&d=mm&r=g\",\"contentUrl\":\"https:\\\/\\\/secure.gravatar.com\\\/avatar\\\/4b4873431efea09c8f10a0eaa0ef2e3d25faf7ec4c9bc4e05370edd482901db2?s=96&d=mm&r=g\",\"caption\":\"m39a\"},\"sameAs\":[\"https:\\\/\\\/kupoge.de\\\/blog\"],\"url\":\"https:\\\/\\\/kupoge.de\\\/blog\\\/author\\\/m39a\\\/\"}]}<\/script>\n<!-- \/ Yoast SEO plugin. -->","yoast_head_json":{"title":"Raum f\u00fcr Austausch: Digitale Technologien in Kunst und Kultur - Kulturpolitische Gesellschaft e.V.","robots":{"index":"index","follow":"follow","max-snippet":"max-snippet:-1","max-image-preview":"max-image-preview:large","max-video-preview":"max-video-preview:-1"},"canonical":"https:\/\/kupoge.de\/blog\/2026\/03\/06\/raum-fuer-austausch-digitale-technologien-in-kunst-und-kultur\/","og_locale":"de_DE","og_type":"article","og_title":"Raum f\u00fcr Austausch: Digitale Technologien in Kunst und Kultur - Kulturpolitische Gesellschaft e.V.","og_description":"Klaas Werner","og_url":"https:\/\/kupoge.de\/blog\/2026\/03\/06\/raum-fuer-austausch-digitale-technologien-in-kunst-und-kultur\/","og_site_name":"Kulturpolitische Gesellschaft e.V.","article_published_time":"2026-03-06T10:44:34+00:00","article_modified_time":"2026-03-09T09:30:07+00:00","og_image":[{"width":2560,"height":1829,"url":"https:\/\/kupoge.de\/blog\/wp-content\/uploads\/2026\/03\/05_AnnaKpokTara_SchaubudeCPLZZO_7_5-scaled.jpg","type":"image\/jpeg"}],"author":"m39a","twitter_card":"summary_large_image","twitter_misc":{"Verfasst von":"m39a","Gesch\u00e4tzte Lesezeit":"9\u00a0Minuten"},"schema":{"@context":"https:\/\/schema.org","@graph":[{"@type":"Article","@id":"https:\/\/kupoge.de\/blog\/2026\/03\/06\/raum-fuer-austausch-digitale-technologien-in-kunst-und-kultur\/#article","isPartOf":{"@id":"https:\/\/kupoge.de\/blog\/2026\/03\/06\/raum-fuer-austausch-digitale-technologien-in-kunst-und-kultur\/"},"author":{"name":"m39a","@id":"https:\/\/kupoge.de\/blog\/#\/schema\/person\/cffe05354738d9b4a970fa18adc92aff"},"headline":"Raum f\u00fcr Austausch: Digitale Technologien in Kunst und Kultur","datePublished":"2026-03-06T10:44:34+00:00","dateModified":"2026-03-09T09:30:07+00:00","mainEntityOfPage":{"@id":"https:\/\/kupoge.de\/blog\/2026\/03\/06\/raum-fuer-austausch-digitale-technologien-in-kunst-und-kultur\/"},"wordCount":1605,"publisher":{"@id":"https:\/\/kupoge.de\/blog\/#organization"},"image":{"@id":"https:\/\/kupoge.de\/blog\/2026\/03\/06\/raum-fuer-austausch-digitale-technologien-in-kunst-und-kultur\/#primaryimage"},"thumbnailUrl":"https:\/\/kupoge.de\/blog\/wp-content\/uploads\/2026\/03\/05_AnnaKpokTara_SchaubudeCPLZZO_7_5-scaled.jpg","inLanguage":"de"},{"@type":"WebPage","@id":"https:\/\/kupoge.de\/blog\/2026\/03\/06\/raum-fuer-austausch-digitale-technologien-in-kunst-und-kultur\/","url":"https:\/\/kupoge.de\/blog\/2026\/03\/06\/raum-fuer-austausch-digitale-technologien-in-kunst-und-kultur\/","name":"Raum f\u00fcr Austausch: Digitale Technologien in Kunst und Kultur - Kulturpolitische Gesellschaft e.V.","isPartOf":{"@id":"https:\/\/kupoge.de\/blog\/#website"},"primaryImageOfPage":{"@id":"https:\/\/kupoge.de\/blog\/2026\/03\/06\/raum-fuer-austausch-digitale-technologien-in-kunst-und-kultur\/#primaryimage"},"image":{"@id":"https:\/\/kupoge.de\/blog\/2026\/03\/06\/raum-fuer-austausch-digitale-technologien-in-kunst-und-kultur\/#primaryimage"},"thumbnailUrl":"https:\/\/kupoge.de\/blog\/wp-content\/uploads\/2026\/03\/05_AnnaKpokTara_SchaubudeCPLZZO_7_5-scaled.jpg","datePublished":"2026-03-06T10:44:34+00:00","dateModified":"2026-03-09T09:30:07+00:00","breadcrumb":{"@id":"https:\/\/kupoge.de\/blog\/2026\/03\/06\/raum-fuer-austausch-digitale-technologien-in-kunst-und-kultur\/#breadcrumb"},"inLanguage":"de","potentialAction":[{"@type":"ReadAction","target":["https:\/\/kupoge.de\/blog\/2026\/03\/06\/raum-fuer-austausch-digitale-technologien-in-kunst-und-kultur\/"]}]},{"@type":"ImageObject","inLanguage":"de","@id":"https:\/\/kupoge.de\/blog\/2026\/03\/06\/raum-fuer-austausch-digitale-technologien-in-kunst-und-kultur\/#primaryimage","url":"https:\/\/kupoge.de\/blog\/wp-content\/uploads\/2026\/03\/05_AnnaKpokTara_SchaubudeCPLZZO_7_5-scaled.jpg","contentUrl":"https:\/\/kupoge.de\/blog\/wp-content\/uploads\/2026\/03\/05_AnnaKpokTara_SchaubudeCPLZZO_7_5-scaled.jpg","width":2560,"height":1829,"caption":"AnnaKpokTara, Schaubude \u00a9 PLZZO"},{"@type":"BreadcrumbList","@id":"https:\/\/kupoge.de\/blog\/2026\/03\/06\/raum-fuer-austausch-digitale-technologien-in-kunst-und-kultur\/#breadcrumb","itemListElement":[{"@type":"ListItem","position":1,"name":"Startseite","item":"https:\/\/kupoge.de\/blog\/"},{"@type":"ListItem","position":2,"name":"Raum f\u00fcr Austausch: Digitale Technologien in Kunst und Kultur"}]},{"@type":"WebSite","@id":"https:\/\/kupoge.de\/blog\/#website","url":"https:\/\/kupoge.de\/blog\/","name":"Kulturpolitische Gesellschaft e.V.","description":"","publisher":{"@id":"https:\/\/kupoge.de\/blog\/#organization"},"potentialAction":[{"@type":"SearchAction","target":{"@type":"EntryPoint","urlTemplate":"https:\/\/kupoge.de\/blog\/?s={search_term_string}"},"query-input":{"@type":"PropertyValueSpecification","valueRequired":true,"valueName":"search_term_string"}}],"inLanguage":"de"},{"@type":"Organization","@id":"https:\/\/kupoge.de\/blog\/#organization","name":"Kulturpolitische Gesellschaft e.V.","url":"https:\/\/kupoge.de\/blog\/","logo":{"@type":"ImageObject","inLanguage":"de","@id":"https:\/\/kupoge.de\/blog\/#\/schema\/logo\/image\/","url":"https:\/\/kupoge.de\/blog\/wp-content\/uploads\/2020\/11\/cropped-kupoge-logo.png","contentUrl":"https:\/\/kupoge.de\/blog\/wp-content\/uploads\/2020\/11\/cropped-kupoge-logo.png","width":503,"height":63,"caption":"Kulturpolitische Gesellschaft e.V."},"image":{"@id":"https:\/\/kupoge.de\/blog\/#\/schema\/logo\/image\/"}},{"@type":"Person","@id":"https:\/\/kupoge.de\/blog\/#\/schema\/person\/cffe05354738d9b4a970fa18adc92aff","name":"m39a","image":{"@type":"ImageObject","inLanguage":"de","@id":"https:\/\/secure.gravatar.com\/avatar\/4b4873431efea09c8f10a0eaa0ef2e3d25faf7ec4c9bc4e05370edd482901db2?s=96&d=mm&r=g","url":"https:\/\/secure.gravatar.com\/avatar\/4b4873431efea09c8f10a0eaa0ef2e3d25faf7ec4c9bc4e05370edd482901db2?s=96&d=mm&r=g","contentUrl":"https:\/\/secure.gravatar.com\/avatar\/4b4873431efea09c8f10a0eaa0ef2e3d25faf7ec4c9bc4e05370edd482901db2?s=96&d=mm&r=g","caption":"m39a"},"sameAs":["https:\/\/kupoge.de\/blog"],"url":"https:\/\/kupoge.de\/blog\/author\/m39a\/"}]}},"uagb_featured_image_src":{"full":["https:\/\/kupoge.de\/blog\/wp-content\/uploads\/2026\/03\/05_AnnaKpokTara_SchaubudeCPLZZO_7_5-scaled.jpg",2560,1829,false],"thumbnail":["https:\/\/kupoge.de\/blog\/wp-content\/uploads\/2026\/03\/05_AnnaKpokTara_SchaubudeCPLZZO_7_5-150x150.jpg",150,150,true],"medium":["https:\/\/kupoge.de\/blog\/wp-content\/uploads\/2026\/03\/05_AnnaKpokTara_SchaubudeCPLZZO_7_5-300x214.jpg",300,214,true],"medium_large":["https:\/\/kupoge.de\/blog\/wp-content\/uploads\/2026\/03\/05_AnnaKpokTara_SchaubudeCPLZZO_7_5-768x549.jpg",580,415,true],"large":["https:\/\/kupoge.de\/blog\/wp-content\/uploads\/2026\/03\/05_AnnaKpokTara_SchaubudeCPLZZO_7_5-1024x731.jpg",580,414,true],"1536x1536":["https:\/\/kupoge.de\/blog\/wp-content\/uploads\/2026\/03\/05_AnnaKpokTara_SchaubudeCPLZZO_7_5-1536x1097.jpg",1536,1097,true],"2048x2048":["https:\/\/kupoge.de\/blog\/wp-content\/uploads\/2026\/03\/05_AnnaKpokTara_SchaubudeCPLZZO_7_5-2048x1463.jpg",2048,1463,true],"post-thumbnail":["https:\/\/kupoge.de\/blog\/wp-content\/uploads\/2026\/03\/05_AnnaKpokTara_SchaubudeCPLZZO_7_5-1200x857.jpg",1200,857,true],"twentytwenty-fullscreen":["https:\/\/kupoge.de\/blog\/wp-content\/uploads\/2026\/03\/05_AnnaKpokTara_SchaubudeCPLZZO_7_5-1980x1414.jpg",1980,1414,true]},"uagb_author_info":{"display_name":"m39a","author_link":"https:\/\/kupoge.de\/blog\/author\/m39a\/"},"uagb_comment_info":0,"uagb_excerpt":"Klaas Werner","_links":{"self":[{"href":"https:\/\/kupoge.de\/blog\/wp-json\/wp\/v2\/posts\/1526","targetHints":{"allow":["GET"]}}],"collection":[{"href":"https:\/\/kupoge.de\/blog\/wp-json\/wp\/v2\/posts"}],"about":[{"href":"https:\/\/kupoge.de\/blog\/wp-json\/wp\/v2\/types\/post"}],"author":[{"embeddable":true,"href":"https:\/\/kupoge.de\/blog\/wp-json\/wp\/v2\/users\/1"}],"replies":[{"embeddable":true,"href":"https:\/\/kupoge.de\/blog\/wp-json\/wp\/v2\/comments?post=1526"}],"version-history":[{"count":10,"href":"https:\/\/kupoge.de\/blog\/wp-json\/wp\/v2\/posts\/1526\/revisions"}],"predecessor-version":[{"id":1541,"href":"https:\/\/kupoge.de\/blog\/wp-json\/wp\/v2\/posts\/1526\/revisions\/1541"}],"wp:featuredmedia":[{"embeddable":true,"href":"https:\/\/kupoge.de\/blog\/wp-json\/wp\/v2\/media\/1530"}],"wp:attachment":[{"href":"https:\/\/kupoge.de\/blog\/wp-json\/wp\/v2\/media?parent=1526"}],"wp:term":[{"taxonomy":"category","embeddable":true,"href":"https:\/\/kupoge.de\/blog\/wp-json\/wp\/v2\/categories?post=1526"},{"taxonomy":"post_tag","embeddable":true,"href":"https:\/\/kupoge.de\/blog\/wp-json\/wp\/v2\/tags?post=1526"}],"curies":[{"name":"wp","href":"https:\/\/api.w.org\/{rel}","templated":true}]}}