{"id":497,"date":"2021-01-08T15:41:43","date_gmt":"2021-01-08T14:41:43","guid":{"rendered":"https:\/\/kupoge.de\/blog\/?p=497"},"modified":"2021-01-08T16:03:51","modified_gmt":"2021-01-08T15:03:51","slug":"neustart-kulturpolitik-2-0schluss-mit-kulturverwaltung-stattdessen-mut-zur-gestaltung","status":"publish","type":"post","link":"https:\/\/kupoge.de\/blog\/2021\/01\/08\/neustart-kulturpolitik-2-0schluss-mit-kulturverwaltung-stattdessen-mut-zur-gestaltung\/","title":{"rendered":"Neustart Kulturpolitik 2.0!<br>Schluss mit Kulturverwaltung, stattdessen Mut zur Gestaltung!"},"content":{"rendered":"\n<p>Die Pandemie hat Gesellschaft und auch das Selbstverst\u00e4ndnis von Kultur ver\u00e4ndert! Die Krise hat Schwachstellen offengelegt und damit zugleich Zukunftsfragen zur gesellschaftlichen Transformation aufgeworfen. Die Krise hat unter anderem verdeutlicht, dass<\/p>\n\n\n\n<ul class=\"wp-block-list\"><li>Teilbereiche der Kultur unterfinanziert sind,<\/li><li>\u00f6ffentlich gef\u00f6rderte Kultur aufgrund der Erwirtschaftung von Teilnahmegeldern und Projektmitteln in Krisenzeiten auf Rettungsschirme angewiesen ist,<\/li><li>kulturelle Bereiche in Krisenzeiten nur eingeschr\u00e4nkt in der Lage gewesen sind, Zielgruppen zu erreichen aufgrund fehlender digitaler Formate und<\/li><li>es an sozialer Absicherung f\u00fcr K\u00fcnstler*innen fehlt<\/li><\/ul>\n\n\n\n<h3 class=\"wp-block-heading\"><strong>Gie\u00dfkannenprinzip und \u00d6konomisierung fordern ihren Tribut \u2026<\/strong><\/h3>\n\n\n\n<p>Prek\u00e4re Verh\u00e4ltnisse sind m\u00f6glicherweise ein Symptom f\u00fcr fehlenden kulturpolitischen Gestaltungswillen. Sehr sinnbildlich zeigte sich dies in Berlin, wo 2.000 Sonderstipendien f\u00fcr K\u00fcnstler*innen in der Krise einfach verlost wurden. Hier offenbart sich die Achilles-Ferse der letzten Jahrzehnte Kulturpolitik: Dem stetigen Wachstum an kultureller Vielfalt wurde kein Mut entgegengesetzt, Rahmenf\u00f6rderkriterien entgegenzuzustellen. Stattdessen dominiert das Gie\u00dfkannenprinzip.<\/p>\n\n\n\n<p>Die \u00d6konomisierung der \u00f6ffentlich gef\u00f6rderten Kultur und Bildung, wie die zunehmende Mischfinanzierung \u00f6ffentlich gef\u00f6rderter Bereiche, hat gleichfalls ihren Tribut gefordert. Die \u00dcbernahme wirtschaftlicher Erfolgskriterien, wie die Quote oder Besucherzahlen, haben zu einem vermehrten R\u00fcckgriff der \u00f6ffentlich Gef\u00f6rderten auf publikumsnachgefragte Angebote, die auch auf dem kulturwirtschaftlichen Markt angeboten werden, gef\u00fchrt und so Konkurrenzen geschaffen, die zugleich die Kulturwirtschaft schw\u00e4chen. Fehlende finanzielle Spielr\u00e4ume und k\u00fcnstlerische Experimentierr\u00e4ume f\u00fchren vielfach auch zu vermehrten prek\u00e4ren und zeitlich befristeten Arbeitsverh\u00e4ltnissen und auch dazu, dass Zukunftsaufgaben wie der digitale Wandel noch nicht ad\u00e4quat umgesetzt wurden.<\/p>\n\n\n\n<h3 class=\"wp-block-heading\"><strong>Notwendige Konkretisierung der Ziele und Aufgaben \u00f6ffentlicher Kulturf\u00f6rderung \u2026<\/strong><\/h3>\n\n\n\n<p>Wie k\u00f6nnen die Aufgaben von \u00f6ffentlich gef\u00f6rderter und privatwirtschaftlicher Kultur klar abgegrenzt werden? Hier gibt es Grundprinzipien wie Wahrung des Kulturerbes, Freiraum f\u00fcr k\u00fcnstlerische Weiterentwicklung oder kulturelle Teilhabe sowie in der Vergangenheit immer wieder Versuche der Abgrenzung wie E- und U-Kultur, die sich jedoch als wenig hilfreich erwiesen haben.<\/p>\n\n\n\n<p>Ein Kriterium ist dabei auch die Frage: Was kann am Markt nicht bestehen? Ein F\u00f6rderbedarf besteht beispielsweise, wenn die Strukturen, um spezifische Genres zu produzieren, wirtschaftlich nicht tragbar sind, ein anderer, wenn ein k\u00fcnstlerischer Beitrag nicht durch Publikumsinteresse getragen wird.<\/p>\n\n\n\n<p>Dar\u00fcber hinaus bedarf es jedoch weiterer Eingrenzungen. So w\u00e4chst das kulturelle Erbe stetig. Eine nicht zu untersch\u00e4tzende Herausforderung liegt darin, Kulturgeschichte zu bewahren und gleichzeitig dem kommenden kulturellen Erbe Raum zu geben.<\/p>\n\n\n\n<p>Umgekehrt bringt kulturelle Vielfalt die Herausforderung mit, sich \u00fcber konkrete Kriterien der Avantgarde zu verst\u00e4ndigen. Hier bedarf es den Mut, diese sichtbar zu machen.<\/p>\n\n\n\n<p>Dann gibt es noch das Menschenrecht auf kulturelle Teilhabe. Eine Begr\u00fcndung aus B\u00fcrger*innenperspektive abzuleiten, ist ebenfalls schwierig: Wie viel Kultur braucht der B\u00fcrger, die B\u00fcrgerin? Und nat\u00fcrlich welche? Geht es bei kultureller Teilhabe st\u00e4rker um Bildung, also die Vermittlung von Kunst jenseits des Mainstreams? Oder soll jede\/r die Kultur bekommen, die sie\/er m\u00f6chte? Diese schwierigen Fragen stellen sich auch bei der Umsetzung des Rundfunkstaatsvertrags bezogen auf den Auftrag der Grundversorgung. Dass Kulturpolitik in der Vergangenheit einer konkreten Festlegung von Inhalt und Umfang \u00f6ffentlicher Kulturf\u00f6rderung eher ausgewichen ist, liegt nicht zuletzt auch in der vielleicht nicht unberechtigten Angst begr\u00fcndet, wieder einen Kulturkanon zu manifestieren.<\/p>\n\n\n\n<h3 class=\"wp-block-heading\"><strong>Wie k\u00f6nnte eine gestalterische Kulturpolitik 2.0 aussehen?<\/strong><\/h3>\n\n\n\n<p>Anschaulich durchdekliniert werden kann dies am Beispiel der Forderung nach einer kommunalen Pflichtaufgabe Kultur, die in der Vergangenheit immer wieder gestellt wurde und aktuell in der Krise wieder an Fahrt aufnimmt. Mit der Verankerung von Kultur als Pflichtaufgabe ist nur ein kleiner erster Schritt getan. Stabilisierend kann diese Verankerung erst sein, wenn sie auch einen Bezugsrahmen erh\u00e4lt: Was bedeutet kulturelle Grundversorgung? Dabei er\u00f6ffnen sich viele gestalterische Fragen: W\u00e4re es im Sinne der kulturellen Daseinsvorsorge denkbar, den Zugang zum Museum kostenfrei f\u00fcr B\u00fcrger*innen einer Stadt zu erm\u00f6glichen, \u00e4hnlich, wie dies mittlerweile einige St\u00e4dte f\u00fcr den \u00d6PNV praktizieren? Und dabei Eintritt nur von Zugereisten wie Touristen verlangen? Sollen kulturelle Bildungseinrichtungen, statt Dienstleistungsangebote wie der Instrumentalunterricht, nur noch gemeinwohlorientierte Angebote entwickeln? Beispielsweise die Integration der Musikschularbeit fl\u00e4chendeckend in Form von Modellen wie Klassenmusizieren in der Schule oder Musikinstrumentenkarussell in der Kita?<\/p>\n\n\n\n<p>Und warum nicht auch Mut f\u00fcr neue Wege bei der inhaltlichen Ausgestaltung aufbringen, beispielsweise prozentual gleichberechtigt die Perspektiven <em>lokal<\/em>, <em>global<\/em>, <em>kulturelles Erbe<\/em> und <em>k\u00fcnstlerische Innovation<\/em> in der F\u00f6rderung abbilden?<\/p>\n\n\n\n<p>All dies sind Fragen, die es gilt, mit einer gestalterischen Kulturpolitik zu beantworten und vielleicht m\u00fcssen diese Fragen in einem dynamischen Prozess angesichts des gesellschaftlichen Wandels in Zeitabst\u00e4nden immer wieder neu gestellt und beantwortet werden, um eine Agenda zur Transformation unter dem Motto \u00bbfordern\u00ab und \u00bbf\u00f6rdern\u00ab f\u00fcr eine gestalterische und nachhaltige Kulturpolitik zu erm\u00f6glichen!<\/p>\n\n\n\n<p><strong>Autorin<\/strong><\/p>\n\n\n\n<div class=\"wp-block-columns is-layout-flex wp-container-core-columns-is-layout-9d6595d7 wp-block-columns-is-layout-flex\">\n<div class=\"wp-block-column is-layout-flow wp-block-column-is-layout-flow\" style=\"flex-basis:33.33%\">\n<figure class=\"wp-block-image size-large is-resized\"><img loading=\"lazy\" decoding=\"async\" src=\"https:\/\/kupoge.de\/blog\/wp-content\/uploads\/2021\/01\/keuchel_susanne_Quelle_www.dkr_.de_.jpg\" alt=\"\" class=\"wp-image-498\" width=\"211\" height=\"140\" srcset=\"https:\/\/kupoge.de\/blog\/wp-content\/uploads\/2021\/01\/keuchel_susanne_Quelle_www.dkr_.de_.jpg 700w, https:\/\/kupoge.de\/blog\/wp-content\/uploads\/2021\/01\/keuchel_susanne_Quelle_www.dkr_.de_-300x200.jpg 300w\" sizes=\"auto, (max-width: 211px) 100vw, 211px\" \/><figcaption>Fotoquelle: www.dkr.de<\/figcaption><\/figure>\n<\/div>\n\n\n\n<div class=\"wp-block-column is-layout-flow wp-block-column-is-layout-flow\" style=\"flex-basis:66.66%\">\n<p>Prof. Dr. Susanne Keuchel, Remscheid<\/p>\n\n\n\n<p><em>Direktorin der Akademie der Kulturellen Bildung des Bundes und des Landes NRW, Pr\u00e4sidentin des Deutschen Kulturrats<\/em><\/p>\n<\/div>\n<\/div>\n\n\n\n<p><\/p>\n","protected":false},"excerpt":{"rendered":"<p>Susanne Keuchel<\/p>\n","protected":false},"author":1,"featured_media":501,"comment_status":"closed","ping_status":"open","sticky":false,"template":"","format":"standard","meta":{"_uag_custom_page_level_css":"","footnotes":""},"categories":[1],"tags":[],"class_list":["post-497","post","type-post","status-publish","format-standard","has-post-thumbnail","hentry","category-allgemein"],"yoast_head":"<!-- This site is optimized with the Yoast SEO plugin v27.4 - https:\/\/yoast.com\/product\/yoast-seo-wordpress\/ -->\n<title>Neustart Kulturpolitik 2.0!Schluss mit Kulturverwaltung, stattdessen Mut zur Gestaltung! - Kulturpolitische Gesellschaft e.V.<\/title>\n<meta name=\"robots\" content=\"index, follow, max-snippet:-1, max-image-preview:large, max-video-preview:-1\" \/>\n<link rel=\"canonical\" href=\"https:\/\/kupoge.de\/blog\/2021\/01\/08\/neustart-kulturpolitik-2-0schluss-mit-kulturverwaltung-stattdessen-mut-zur-gestaltung\/\" \/>\n<meta property=\"og:locale\" content=\"de_DE\" \/>\n<meta property=\"og:type\" content=\"article\" \/>\n<meta property=\"og:title\" content=\"Neustart Kulturpolitik 2.0!\" \/>\n<meta property=\"og:description\" content=\"Susanne Keuchel\" \/>\n<meta property=\"og:url\" content=\"https:\/\/kupoge.de\/blog\/2021\/01\/08\/neustart-kulturpolitik-2-0schluss-mit-kulturverwaltung-stattdessen-mut-zur-gestaltung\/\" \/>\n<meta property=\"og:site_name\" content=\"Kulturpolitische Gesellschaft e.V.\" \/>\n<meta property=\"article:published_time\" content=\"2021-01-08T14:41:43+00:00\" \/>\n<meta property=\"article:modified_time\" content=\"2021-01-08T15:03:51+00:00\" \/>\n<meta property=\"og:image\" content=\"https:\/\/kupoge.de\/blog\/wp-content\/uploads\/2021\/01\/pexels-marlene-leppaenen-5305811-e1610116726113.jpg\" \/>\n\t<meta property=\"og:image:width\" content=\"1920\" \/>\n\t<meta property=\"og:image:height\" content=\"1369\" \/>\n\t<meta property=\"og:image:type\" content=\"image\/jpeg\" \/>\n<meta name=\"author\" content=\"m39a\" \/>\n<meta name=\"twitter:card\" content=\"summary_large_image\" \/>\n<meta name=\"twitter:title\" content=\"Neustart Kulturpolitik 2.0!\" \/>\n<meta name=\"twitter:label1\" content=\"Verfasst von\" \/>\n\t<meta name=\"twitter:data1\" content=\"m39a\" \/>\n\t<meta name=\"twitter:label2\" content=\"Gesch\u00e4tzte Lesezeit\" \/>\n\t<meta name=\"twitter:data2\" content=\"4\u00a0Minuten\" \/>\n<script type=\"application\/ld+json\" class=\"yoast-schema-graph\">{\"@context\":\"https:\\\/\\\/schema.org\",\"@graph\":[{\"@type\":\"Article\",\"@id\":\"https:\\\/\\\/kupoge.de\\\/blog\\\/2021\\\/01\\\/08\\\/neustart-kulturpolitik-2-0schluss-mit-kulturverwaltung-stattdessen-mut-zur-gestaltung\\\/#article\",\"isPartOf\":{\"@id\":\"https:\\\/\\\/kupoge.de\\\/blog\\\/2021\\\/01\\\/08\\\/neustart-kulturpolitik-2-0schluss-mit-kulturverwaltung-stattdessen-mut-zur-gestaltung\\\/\"},\"author\":{\"name\":\"m39a\",\"@id\":\"https:\\\/\\\/kupoge.de\\\/blog\\\/#\\\/schema\\\/person\\\/cffe05354738d9b4a970fa18adc92aff\"},\"headline\":\"Neustart Kulturpolitik 2.0! Schluss mit Kulturverwaltung, stattdessen Mut zur Gestaltung!\",\"datePublished\":\"2021-01-08T14:41:43+00:00\",\"dateModified\":\"2021-01-08T15:03:51+00:00\",\"mainEntityOfPage\":{\"@id\":\"https:\\\/\\\/kupoge.de\\\/blog\\\/2021\\\/01\\\/08\\\/neustart-kulturpolitik-2-0schluss-mit-kulturverwaltung-stattdessen-mut-zur-gestaltung\\\/\"},\"wordCount\":815,\"publisher\":{\"@id\":\"https:\\\/\\\/kupoge.de\\\/blog\\\/#organization\"},\"image\":{\"@id\":\"https:\\\/\\\/kupoge.de\\\/blog\\\/2021\\\/01\\\/08\\\/neustart-kulturpolitik-2-0schluss-mit-kulturverwaltung-stattdessen-mut-zur-gestaltung\\\/#primaryimage\"},\"thumbnailUrl\":\"https:\\\/\\\/kupoge.de\\\/blog\\\/wp-content\\\/uploads\\\/2021\\\/01\\\/pexels-marlene-leppaenen-5305811-e1610116726113.jpg\",\"inLanguage\":\"de\"},{\"@type\":\"WebPage\",\"@id\":\"https:\\\/\\\/kupoge.de\\\/blog\\\/2021\\\/01\\\/08\\\/neustart-kulturpolitik-2-0schluss-mit-kulturverwaltung-stattdessen-mut-zur-gestaltung\\\/\",\"url\":\"https:\\\/\\\/kupoge.de\\\/blog\\\/2021\\\/01\\\/08\\\/neustart-kulturpolitik-2-0schluss-mit-kulturverwaltung-stattdessen-mut-zur-gestaltung\\\/\",\"name\":\"Neustart Kulturpolitik 2.0! Schluss mit Kulturverwaltung, stattdessen Mut zur Gestaltung! - Kulturpolitische Gesellschaft e.V.\",\"isPartOf\":{\"@id\":\"https:\\\/\\\/kupoge.de\\\/blog\\\/#website\"},\"primaryImageOfPage\":{\"@id\":\"https:\\\/\\\/kupoge.de\\\/blog\\\/2021\\\/01\\\/08\\\/neustart-kulturpolitik-2-0schluss-mit-kulturverwaltung-stattdessen-mut-zur-gestaltung\\\/#primaryimage\"},\"image\":{\"@id\":\"https:\\\/\\\/kupoge.de\\\/blog\\\/2021\\\/01\\\/08\\\/neustart-kulturpolitik-2-0schluss-mit-kulturverwaltung-stattdessen-mut-zur-gestaltung\\\/#primaryimage\"},\"thumbnailUrl\":\"https:\\\/\\\/kupoge.de\\\/blog\\\/wp-content\\\/uploads\\\/2021\\\/01\\\/pexels-marlene-leppaenen-5305811-e1610116726113.jpg\",\"datePublished\":\"2021-01-08T14:41:43+00:00\",\"dateModified\":\"2021-01-08T15:03:51+00:00\",\"breadcrumb\":{\"@id\":\"https:\\\/\\\/kupoge.de\\\/blog\\\/2021\\\/01\\\/08\\\/neustart-kulturpolitik-2-0schluss-mit-kulturverwaltung-stattdessen-mut-zur-gestaltung\\\/#breadcrumb\"},\"inLanguage\":\"de\",\"potentialAction\":[{\"@type\":\"ReadAction\",\"target\":[\"https:\\\/\\\/kupoge.de\\\/blog\\\/2021\\\/01\\\/08\\\/neustart-kulturpolitik-2-0schluss-mit-kulturverwaltung-stattdessen-mut-zur-gestaltung\\\/\"]}]},{\"@type\":\"ImageObject\",\"inLanguage\":\"de\",\"@id\":\"https:\\\/\\\/kupoge.de\\\/blog\\\/2021\\\/01\\\/08\\\/neustart-kulturpolitik-2-0schluss-mit-kulturverwaltung-stattdessen-mut-zur-gestaltung\\\/#primaryimage\",\"url\":\"https:\\\/\\\/kupoge.de\\\/blog\\\/wp-content\\\/uploads\\\/2021\\\/01\\\/pexels-marlene-leppaenen-5305811-e1610116726113.jpg\",\"contentUrl\":\"https:\\\/\\\/kupoge.de\\\/blog\\\/wp-content\\\/uploads\\\/2021\\\/01\\\/pexels-marlene-leppaenen-5305811-e1610116726113.jpg\",\"width\":1920,\"height\":1369,\"caption\":\"Foto: Marlene Lepp\u00e4nen\"},{\"@type\":\"BreadcrumbList\",\"@id\":\"https:\\\/\\\/kupoge.de\\\/blog\\\/2021\\\/01\\\/08\\\/neustart-kulturpolitik-2-0schluss-mit-kulturverwaltung-stattdessen-mut-zur-gestaltung\\\/#breadcrumb\",\"itemListElement\":[{\"@type\":\"ListItem\",\"position\":1,\"name\":\"Startseite\",\"item\":\"https:\\\/\\\/kupoge.de\\\/blog\\\/\"},{\"@type\":\"ListItem\",\"position\":2,\"name\":\"Neustart Kulturpolitik 2.0!Schluss mit Kulturverwaltung, stattdessen Mut zur Gestaltung!\"}]},{\"@type\":\"WebSite\",\"@id\":\"https:\\\/\\\/kupoge.de\\\/blog\\\/#website\",\"url\":\"https:\\\/\\\/kupoge.de\\\/blog\\\/\",\"name\":\"Kulturpolitische Gesellschaft e.V.\",\"description\":\"\",\"publisher\":{\"@id\":\"https:\\\/\\\/kupoge.de\\\/blog\\\/#organization\"},\"potentialAction\":[{\"@type\":\"SearchAction\",\"target\":{\"@type\":\"EntryPoint\",\"urlTemplate\":\"https:\\\/\\\/kupoge.de\\\/blog\\\/?s={search_term_string}\"},\"query-input\":{\"@type\":\"PropertyValueSpecification\",\"valueRequired\":true,\"valueName\":\"search_term_string\"}}],\"inLanguage\":\"de\"},{\"@type\":\"Organization\",\"@id\":\"https:\\\/\\\/kupoge.de\\\/blog\\\/#organization\",\"name\":\"Kulturpolitische Gesellschaft e.V.\",\"url\":\"https:\\\/\\\/kupoge.de\\\/blog\\\/\",\"logo\":{\"@type\":\"ImageObject\",\"inLanguage\":\"de\",\"@id\":\"https:\\\/\\\/kupoge.de\\\/blog\\\/#\\\/schema\\\/logo\\\/image\\\/\",\"url\":\"https:\\\/\\\/kupoge.de\\\/blog\\\/wp-content\\\/uploads\\\/2020\\\/11\\\/cropped-kupoge-logo.png\",\"contentUrl\":\"https:\\\/\\\/kupoge.de\\\/blog\\\/wp-content\\\/uploads\\\/2020\\\/11\\\/cropped-kupoge-logo.png\",\"width\":503,\"height\":63,\"caption\":\"Kulturpolitische Gesellschaft e.V.\"},\"image\":{\"@id\":\"https:\\\/\\\/kupoge.de\\\/blog\\\/#\\\/schema\\\/logo\\\/image\\\/\"}},{\"@type\":\"Person\",\"@id\":\"https:\\\/\\\/kupoge.de\\\/blog\\\/#\\\/schema\\\/person\\\/cffe05354738d9b4a970fa18adc92aff\",\"name\":\"m39a\",\"image\":{\"@type\":\"ImageObject\",\"inLanguage\":\"de\",\"@id\":\"https:\\\/\\\/secure.gravatar.com\\\/avatar\\\/4b4873431efea09c8f10a0eaa0ef2e3d25faf7ec4c9bc4e05370edd482901db2?s=96&d=mm&r=g\",\"url\":\"https:\\\/\\\/secure.gravatar.com\\\/avatar\\\/4b4873431efea09c8f10a0eaa0ef2e3d25faf7ec4c9bc4e05370edd482901db2?s=96&d=mm&r=g\",\"contentUrl\":\"https:\\\/\\\/secure.gravatar.com\\\/avatar\\\/4b4873431efea09c8f10a0eaa0ef2e3d25faf7ec4c9bc4e05370edd482901db2?s=96&d=mm&r=g\",\"caption\":\"m39a\"},\"sameAs\":[\"https:\\\/\\\/kupoge.de\\\/blog\"],\"url\":\"https:\\\/\\\/kupoge.de\\\/blog\\\/author\\\/m39a\\\/\"}]}<\/script>\n<!-- \/ Yoast SEO plugin. -->","yoast_head_json":{"title":"Neustart Kulturpolitik 2.0!Schluss mit Kulturverwaltung, stattdessen Mut zur Gestaltung! - Kulturpolitische Gesellschaft e.V.","robots":{"index":"index","follow":"follow","max-snippet":"max-snippet:-1","max-image-preview":"max-image-preview:large","max-video-preview":"max-video-preview:-1"},"canonical":"https:\/\/kupoge.de\/blog\/2021\/01\/08\/neustart-kulturpolitik-2-0schluss-mit-kulturverwaltung-stattdessen-mut-zur-gestaltung\/","og_locale":"de_DE","og_type":"article","og_title":"Neustart Kulturpolitik 2.0!","og_description":"Susanne Keuchel","og_url":"https:\/\/kupoge.de\/blog\/2021\/01\/08\/neustart-kulturpolitik-2-0schluss-mit-kulturverwaltung-stattdessen-mut-zur-gestaltung\/","og_site_name":"Kulturpolitische Gesellschaft e.V.","article_published_time":"2021-01-08T14:41:43+00:00","article_modified_time":"2021-01-08T15:03:51+00:00","og_image":[{"width":1920,"height":1369,"url":"https:\/\/kupoge.de\/blog\/wp-content\/uploads\/2021\/01\/pexels-marlene-leppaenen-5305811-e1610116726113.jpg","type":"image\/jpeg"}],"author":"m39a","twitter_card":"summary_large_image","twitter_title":"Neustart Kulturpolitik 2.0!","twitter_misc":{"Verfasst von":"m39a","Gesch\u00e4tzte Lesezeit":"4\u00a0Minuten"},"schema":{"@context":"https:\/\/schema.org","@graph":[{"@type":"Article","@id":"https:\/\/kupoge.de\/blog\/2021\/01\/08\/neustart-kulturpolitik-2-0schluss-mit-kulturverwaltung-stattdessen-mut-zur-gestaltung\/#article","isPartOf":{"@id":"https:\/\/kupoge.de\/blog\/2021\/01\/08\/neustart-kulturpolitik-2-0schluss-mit-kulturverwaltung-stattdessen-mut-zur-gestaltung\/"},"author":{"name":"m39a","@id":"https:\/\/kupoge.de\/blog\/#\/schema\/person\/cffe05354738d9b4a970fa18adc92aff"},"headline":"Neustart Kulturpolitik 2.0! Schluss mit Kulturverwaltung, stattdessen Mut zur Gestaltung!","datePublished":"2021-01-08T14:41:43+00:00","dateModified":"2021-01-08T15:03:51+00:00","mainEntityOfPage":{"@id":"https:\/\/kupoge.de\/blog\/2021\/01\/08\/neustart-kulturpolitik-2-0schluss-mit-kulturverwaltung-stattdessen-mut-zur-gestaltung\/"},"wordCount":815,"publisher":{"@id":"https:\/\/kupoge.de\/blog\/#organization"},"image":{"@id":"https:\/\/kupoge.de\/blog\/2021\/01\/08\/neustart-kulturpolitik-2-0schluss-mit-kulturverwaltung-stattdessen-mut-zur-gestaltung\/#primaryimage"},"thumbnailUrl":"https:\/\/kupoge.de\/blog\/wp-content\/uploads\/2021\/01\/pexels-marlene-leppaenen-5305811-e1610116726113.jpg","inLanguage":"de"},{"@type":"WebPage","@id":"https:\/\/kupoge.de\/blog\/2021\/01\/08\/neustart-kulturpolitik-2-0schluss-mit-kulturverwaltung-stattdessen-mut-zur-gestaltung\/","url":"https:\/\/kupoge.de\/blog\/2021\/01\/08\/neustart-kulturpolitik-2-0schluss-mit-kulturverwaltung-stattdessen-mut-zur-gestaltung\/","name":"Neustart Kulturpolitik 2.0! Schluss mit Kulturverwaltung, stattdessen Mut zur Gestaltung! - Kulturpolitische Gesellschaft e.V.","isPartOf":{"@id":"https:\/\/kupoge.de\/blog\/#website"},"primaryImageOfPage":{"@id":"https:\/\/kupoge.de\/blog\/2021\/01\/08\/neustart-kulturpolitik-2-0schluss-mit-kulturverwaltung-stattdessen-mut-zur-gestaltung\/#primaryimage"},"image":{"@id":"https:\/\/kupoge.de\/blog\/2021\/01\/08\/neustart-kulturpolitik-2-0schluss-mit-kulturverwaltung-stattdessen-mut-zur-gestaltung\/#primaryimage"},"thumbnailUrl":"https:\/\/kupoge.de\/blog\/wp-content\/uploads\/2021\/01\/pexels-marlene-leppaenen-5305811-e1610116726113.jpg","datePublished":"2021-01-08T14:41:43+00:00","dateModified":"2021-01-08T15:03:51+00:00","breadcrumb":{"@id":"https:\/\/kupoge.de\/blog\/2021\/01\/08\/neustart-kulturpolitik-2-0schluss-mit-kulturverwaltung-stattdessen-mut-zur-gestaltung\/#breadcrumb"},"inLanguage":"de","potentialAction":[{"@type":"ReadAction","target":["https:\/\/kupoge.de\/blog\/2021\/01\/08\/neustart-kulturpolitik-2-0schluss-mit-kulturverwaltung-stattdessen-mut-zur-gestaltung\/"]}]},{"@type":"ImageObject","inLanguage":"de","@id":"https:\/\/kupoge.de\/blog\/2021\/01\/08\/neustart-kulturpolitik-2-0schluss-mit-kulturverwaltung-stattdessen-mut-zur-gestaltung\/#primaryimage","url":"https:\/\/kupoge.de\/blog\/wp-content\/uploads\/2021\/01\/pexels-marlene-leppaenen-5305811-e1610116726113.jpg","contentUrl":"https:\/\/kupoge.de\/blog\/wp-content\/uploads\/2021\/01\/pexels-marlene-leppaenen-5305811-e1610116726113.jpg","width":1920,"height":1369,"caption":"Foto: Marlene Lepp\u00e4nen"},{"@type":"BreadcrumbList","@id":"https:\/\/kupoge.de\/blog\/2021\/01\/08\/neustart-kulturpolitik-2-0schluss-mit-kulturverwaltung-stattdessen-mut-zur-gestaltung\/#breadcrumb","itemListElement":[{"@type":"ListItem","position":1,"name":"Startseite","item":"https:\/\/kupoge.de\/blog\/"},{"@type":"ListItem","position":2,"name":"Neustart Kulturpolitik 2.0!Schluss mit Kulturverwaltung, stattdessen Mut zur Gestaltung!"}]},{"@type":"WebSite","@id":"https:\/\/kupoge.de\/blog\/#website","url":"https:\/\/kupoge.de\/blog\/","name":"Kulturpolitische Gesellschaft e.V.","description":"","publisher":{"@id":"https:\/\/kupoge.de\/blog\/#organization"},"potentialAction":[{"@type":"SearchAction","target":{"@type":"EntryPoint","urlTemplate":"https:\/\/kupoge.de\/blog\/?s={search_term_string}"},"query-input":{"@type":"PropertyValueSpecification","valueRequired":true,"valueName":"search_term_string"}}],"inLanguage":"de"},{"@type":"Organization","@id":"https:\/\/kupoge.de\/blog\/#organization","name":"Kulturpolitische Gesellschaft e.V.","url":"https:\/\/kupoge.de\/blog\/","logo":{"@type":"ImageObject","inLanguage":"de","@id":"https:\/\/kupoge.de\/blog\/#\/schema\/logo\/image\/","url":"https:\/\/kupoge.de\/blog\/wp-content\/uploads\/2020\/11\/cropped-kupoge-logo.png","contentUrl":"https:\/\/kupoge.de\/blog\/wp-content\/uploads\/2020\/11\/cropped-kupoge-logo.png","width":503,"height":63,"caption":"Kulturpolitische Gesellschaft e.V."},"image":{"@id":"https:\/\/kupoge.de\/blog\/#\/schema\/logo\/image\/"}},{"@type":"Person","@id":"https:\/\/kupoge.de\/blog\/#\/schema\/person\/cffe05354738d9b4a970fa18adc92aff","name":"m39a","image":{"@type":"ImageObject","inLanguage":"de","@id":"https:\/\/secure.gravatar.com\/avatar\/4b4873431efea09c8f10a0eaa0ef2e3d25faf7ec4c9bc4e05370edd482901db2?s=96&d=mm&r=g","url":"https:\/\/secure.gravatar.com\/avatar\/4b4873431efea09c8f10a0eaa0ef2e3d25faf7ec4c9bc4e05370edd482901db2?s=96&d=mm&r=g","contentUrl":"https:\/\/secure.gravatar.com\/avatar\/4b4873431efea09c8f10a0eaa0ef2e3d25faf7ec4c9bc4e05370edd482901db2?s=96&d=mm&r=g","caption":"m39a"},"sameAs":["https:\/\/kupoge.de\/blog"],"url":"https:\/\/kupoge.de\/blog\/author\/m39a\/"}]}},"uagb_featured_image_src":{"full":["https:\/\/kupoge.de\/blog\/wp-content\/uploads\/2021\/01\/pexels-marlene-leppaenen-5305811-e1610116726113.jpg",1920,1369,false],"thumbnail":["https:\/\/kupoge.de\/blog\/wp-content\/uploads\/2021\/01\/pexels-marlene-leppaenen-5305811-e1610116726113-150x150.jpg",150,150,true],"medium":["https:\/\/kupoge.de\/blog\/wp-content\/uploads\/2021\/01\/pexels-marlene-leppaenen-5305811-e1610116726113-300x214.jpg",300,214,true],"medium_large":["https:\/\/kupoge.de\/blog\/wp-content\/uploads\/2021\/01\/pexels-marlene-leppaenen-5305811-e1610116726113-768x548.jpg",580,414,true],"large":["https:\/\/kupoge.de\/blog\/wp-content\/uploads\/2021\/01\/pexels-marlene-leppaenen-5305811-e1610116726113-1024x730.jpg",580,413,true],"1536x1536":["https:\/\/kupoge.de\/blog\/wp-content\/uploads\/2021\/01\/pexels-marlene-leppaenen-5305811-e1610116726113-1536x1095.jpg",1536,1095,true],"2048x2048":["https:\/\/kupoge.de\/blog\/wp-content\/uploads\/2021\/01\/pexels-marlene-leppaenen-5305811-1536x2048.jpg",1536,2048,true],"post-thumbnail":["https:\/\/kupoge.de\/blog\/wp-content\/uploads\/2021\/01\/pexels-marlene-leppaenen-5305811-e1610116726113-1200x856.jpg",1200,856,true],"twentytwenty-fullscreen":["https:\/\/kupoge.de\/blog\/wp-content\/uploads\/2021\/01\/pexels-marlene-leppaenen-5305811-e1610116726113.jpg",1920,1369,false]},"uagb_author_info":{"display_name":"m39a","author_link":"https:\/\/kupoge.de\/blog\/author\/m39a\/"},"uagb_comment_info":0,"uagb_excerpt":"Susanne Keuchel","_links":{"self":[{"href":"https:\/\/kupoge.de\/blog\/wp-json\/wp\/v2\/posts\/497","targetHints":{"allow":["GET"]}}],"collection":[{"href":"https:\/\/kupoge.de\/blog\/wp-json\/wp\/v2\/posts"}],"about":[{"href":"https:\/\/kupoge.de\/blog\/wp-json\/wp\/v2\/types\/post"}],"author":[{"embeddable":true,"href":"https:\/\/kupoge.de\/blog\/wp-json\/wp\/v2\/users\/1"}],"replies":[{"embeddable":true,"href":"https:\/\/kupoge.de\/blog\/wp-json\/wp\/v2\/comments?post=497"}],"version-history":[{"count":5,"href":"https:\/\/kupoge.de\/blog\/wp-json\/wp\/v2\/posts\/497\/revisions"}],"predecessor-version":[{"id":505,"href":"https:\/\/kupoge.de\/blog\/wp-json\/wp\/v2\/posts\/497\/revisions\/505"}],"wp:featuredmedia":[{"embeddable":true,"href":"https:\/\/kupoge.de\/blog\/wp-json\/wp\/v2\/media\/501"}],"wp:attachment":[{"href":"https:\/\/kupoge.de\/blog\/wp-json\/wp\/v2\/media?parent=497"}],"wp:term":[{"taxonomy":"category","embeddable":true,"href":"https:\/\/kupoge.de\/blog\/wp-json\/wp\/v2\/categories?post=497"},{"taxonomy":"post_tag","embeddable":true,"href":"https:\/\/kupoge.de\/blog\/wp-json\/wp\/v2\/tags?post=497"}],"curies":[{"name":"wp","href":"https:\/\/api.w.org\/{rel}","templated":true}]}}