{"id":843,"date":"2021-03-31T13:29:33","date_gmt":"2021-03-31T11:29:33","guid":{"rendered":"https:\/\/kupoge.de\/blog\/?p=843"},"modified":"2021-03-31T14:10:32","modified_gmt":"2021-03-31T12:10:32","slug":"die-groesste-krise","status":"publish","type":"post","link":"https:\/\/kupoge.de\/blog\/2021\/03\/31\/die-groesste-krise\/","title":{"rendered":"Die gr\u00f6\u00dfte Krise seit Jahrzehnten"},"content":{"rendered":"\n<p>In den Ank\u00fcndigungen zum \u00bbLockdown Light\u00ab im November 2020 wurden Theater, Opern- oder Konzerth\u00e4user in einem Atemzug mit Spielhallen, Wettannahmeeinrichtungen und Bordellen genannt. Auf solche \u00bbUnterhaltungsveranstaltungen\u00ab musste man im Lockdown also verzichten. Und hier w\u00e4ren wir schon beim Kern des Transformationsprozesses zu einer #neuenRelevanz: Welchen Hirnen fallen solche Aufz\u00e4hlungen und Verbindungen ein? Welche Frauen gehen zu Unterhaltungszwecken ins Bordell? Diejenigen, die dort \u2013 teilweise unter Verschleppung und Zwang \u2013 Sexarbeit aus\u00fcben? Soviel zur Relevanz von Kultur in der gr\u00f6\u00dften Krise seit Jahrzehnten. Nachzulesen in einer simplen Aufz\u00e4hlung. Kunst und Kultur haben schlichtweg nicht die Relevanz, die sich die meisten Kulturschaffenden w\u00fcnschen.<\/p>\n\n\n\n<p>Und auch in der \u00bbKulturnation\u00ab \u00d6sterreich findet der kulturelle Sektor, Anziehungspunkt f\u00fcr Millionen Tourist*innen und somit wichtiger Wirtschaftsfaktor, der Millionen an Wertsch\u00f6pfung in Hotellerie, Gastgewerbe, Transport und Handel bringt, nicht die gew\u00fcnschte Wertsch\u00e4tzung. Mit eisernem Willen haben die <a href=\"https:\/\/www.salzburgerfestspiele.at\/sf-2020\">Salzburger Festspiele in einem nahezu festivallosen Sommer 2020 Flagge bewiesen<\/a> und ein \u00bbHurra, wir leben noch!\u00ab in die Welt gerufen.<\/p>\n\n\n\n<p>Ein \u00e4hnliches \u00bbHurra, wir leben noch!\u00ab war auch vor 76 Jahren in den zerbombten St\u00e4dten Wien und Berlin zu vernehmen: Burgtheater und Staatsoper wurden in Windeseile wiederaufgebaut. Im Berliner Schloss fanden kurz nach Kriegsende wieder Kunstausstellungen statt. Am 30. April 1945 nahm das Burgtheater den Spielbetrieb in der Ersatzspielst\u00e4tte Ronacher wieder auf. Theater, Opern- und Konzerth\u00e4user sind noch nie so lange stillgestanden wie jetzt. F\u00fcr das Publikum hat Kultur Relevanz. Weil sie Hoffnung ist. Sinn gibt. Und zu Reflexion und pers\u00f6nlicher Entwicklung einl\u00e4dt.<\/p>\n\n\n\n<h3 class=\"wp-block-heading\"><strong><strong><strong>Money, Money, Money: Digitale Angebote bringen kaum Geld<\/strong><\/strong><\/strong><\/h3>\n\n\n\n<p>Der analoge Kulturbetrieb aus Theatern, Opern, Konzerts\u00e4len und Museen, aber auch die Clubszene und viele andere kulturelle Veranstaltungen sind in der Pandemie pl\u00f6tzlich digital geworden. Angebote werden gestreamt, neue digitale Formate entwickelt und selbst die Er\u00f6ffnung des neuen Humboldt Forums ist dank Lockdowns nun pl\u00f6tzlich zu einem digitalen Erlebnis f\u00fcr Menschen aus aller Welt geworden. Die Digitalit\u00e4t ist nicht mehr wegzudenken und sie ist eine Bereicherung. Zumindest f\u00fcr all diejenigen, die \u00fcber Zug\u00e4nge verf\u00fcgen. Fakt ist jedoch auch: Damit ist kein bis kaum Geld zu verdienen.<\/p>\n\n\n\n<p>Nun k\u00f6nnte man eine Verbindung herstellen, indem man Audience Development im Sinne eines Community Buildings mit Digitalisierungsprozessen verbindet. Erweiterter Outreach, neue Zielgruppen erreichen, Teilhabe am Entwicklungsprozess \u2013 all dies l\u00e4sst sich mit digitalen Formen verbinden. Statt den geplanten Abend blo\u00df abzuspielen, muss das Streaming zu eigenst\u00e4ndigen digitalen Formaten weiterentwickelt werden. Distance Learning in der Schule gest\u00fctzt durch Naturkundekurse direkt aus dem Museum, die auch noch Spa\u00df machen?!<\/p>\n\n\n\n<p>Die Teilhabe am k\u00fcnstlerischen Entwicklungsprozess ist digital auch f\u00fcr Menschen m\u00f6glich, die irgendwo auf diesem Globus sitzen. Mit digitaler Vernetzung l\u00e4sst sich Perspektivenvielfalt im k\u00fcnstlerischen Entwicklungsprozess viel leichter realisieren, als wenn eine wochenlange Anwesenheit vor Ort n\u00f6tig ist. Deutungshoheit kann durch digitale Einbindung, Zugriff auf digitalisierte Sammlungsbest\u00e4nde und online-Austausch mit Communitys sehr einfach abgegeben werden. Wow! Und da entsteht dann eine ganz andere Form von Relevanz: Vielstimmigkeit ist m\u00f6glich, globale Zusammenarbeit, neue Formen der Teilhabe. Diese Vernetzung l\u00e4sst eine ganz neue Form von Wissen entstehen und bringt Stimmen in einen Prozess ein, der eben nicht nur aus Restitution von Sammlungsbest\u00e4nden besteht.<\/p>\n\n\n\n<p>F\u00fcr die meisten deutschen Kulturbetriebe mit niedrigen Eigendeckungsgraden k\u00f6nnte dies eine #neueRelevanz darstellen. Egal, ob bei ge\u00f6ffnetem oder geschlossenem Kulturbetrieb: \u00bb<em>The challenge is not whether to build communities or audiences but how to build communities and audiences together\u00ab<\/em> [1] Diese Verbindung mit dem Digitalen w\u00e4re eine M\u00f6glichkeit ein \u00bbhow\u00ab zu entwickeln \u2013 um mit der Disruption durch Corona produktiv umzugehen. Abgabe von Deutungshoheit und Macht durch digitale Teilhabeprozesse in diverse Communities, Herkunftsgesellschaften und Zielgruppen hinein. Weg vom permanenten \u00bbWir zeigen Dir was und wissen wie es geht!\u00ab-Denken hin zu einem den*die Besucher*in und Communitys aktivierenden \u00bbTrag bei, egal wo du dich befindest! Mit deinem Wissen, deiner Expertise, deinen Erfahrungen und gestalte mit uns etwas Neues!\u00ab. Dadurch entsteht Wachstum, dadurch entsteht Entwicklung. Dadurch entsteht Sinn.<\/p>\n\n\n\n<h3 class=\"wp-block-heading\"><strong><strong>Statt Herumlavieren gleich ins direkte Miteinander gehen<\/strong><\/strong><\/h3>\n\n\n\n<p>Unsere Seelen wollen durch Kunst ber\u00fchrt werden. Und sie wollen durch den Austausch mit anderen Menschen ber\u00fchrt werden. Das hat sich in tausenden Jahren Kunstproduktion und Menschsein nicht ge\u00e4ndert. Wenn K\u00fcnstler*innen \u00fcber den Globus jetten k\u00f6nnen, dann k\u00f6nnen digitale partizipative Angebote und Verbindung von Mensch zu Mensch das auch. Dann diskutieren wir zuk\u00fcnftig nicht mehr die Relevanz von Kunst und Kultur \u2013 sondern wir stehen in direktem Austausch mit Communities in Nigeria, China oder Neuk\u00f6lln. F\u00fcrs Diskutieren bleibt keine Zeit, weil wir in Verbindung sind mit den Menschen, f\u00fcr die Kultur ohnehin relevant ist, egal ob die H\u00e4user offen oder geschlossen sind. Jenseits von Grenzen: Hauptsache Verbindung.<\/p>\n\n\n\n<p><\/p>\n\n\n\n<p>[1] Borwick, Doug (2012): Building Communities, Not Audiences: The Future of the Arts in the United States. Winston-Salem, S.8<\/p>\n\n\n\n<h3 class=\"wp-block-heading\">Autorin<\/h3>\n\n\n\n<div class=\"wp-block-columns is-layout-flex wp-container-core-columns-is-layout-9d6595d7 wp-block-columns-is-layout-flex\">\n<div class=\"wp-block-column is-layout-flow wp-block-column-is-layout-flow\" style=\"flex-basis:33.33%\">\n<figure class=\"wp-block-image size-large\"><img loading=\"lazy\" decoding=\"async\" width=\"767\" height=\"1024\" src=\"https:\/\/kupoge.de\/blog\/wp-content\/uploads\/2021\/03\/Knava-767x1024.jpg\" alt=\"\" class=\"wp-image-844\" srcset=\"https:\/\/kupoge.de\/blog\/wp-content\/uploads\/2021\/03\/Knava-767x1024.jpg 767w, https:\/\/kupoge.de\/blog\/wp-content\/uploads\/2021\/03\/Knava-225x300.jpg 225w, https:\/\/kupoge.de\/blog\/wp-content\/uploads\/2021\/03\/Knava-768x1025.jpg 768w, https:\/\/kupoge.de\/blog\/wp-content\/uploads\/2021\/03\/Knava-1151x1536.jpg 1151w, https:\/\/kupoge.de\/blog\/wp-content\/uploads\/2021\/03\/Knava-1534x2048.jpg 1534w, https:\/\/kupoge.de\/blog\/wp-content\/uploads\/2021\/03\/Knava-1200x1602.jpg 1200w, https:\/\/kupoge.de\/blog\/wp-content\/uploads\/2021\/03\/Knava-1980x2643.jpg 1980w, https:\/\/kupoge.de\/blog\/wp-content\/uploads\/2021\/03\/Knava-scaled.jpg 1918w\" sizes=\"auto, (max-width: 767px) 100vw, 767px\" \/><\/figure>\n\n\n\n<figure class=\"wp-block-image size-large is-resized\"><img loading=\"lazy\" decoding=\"async\" src=\"https:\/\/kupoge.de\/blog\/wp-content\/uploads\/2021\/01\/2020-07-03-bkm-neustart-kultur-1.jpg\" alt=\"\" class=\"wp-image-494\" width=\"261\" height=\"146\" srcset=\"https:\/\/kupoge.de\/blog\/wp-content\/uploads\/2021\/01\/2020-07-03-bkm-neustart-kultur-1.jpg 990w, https:\/\/kupoge.de\/blog\/wp-content\/uploads\/2021\/01\/2020-07-03-bkm-neustart-kultur-1-300x169.jpg 300w, https:\/\/kupoge.de\/blog\/wp-content\/uploads\/2021\/01\/2020-07-03-bkm-neustart-kultur-1-768x432.jpg 768w\" sizes=\"auto, (max-width: 261px) 100vw, 261px\" \/><\/figure>\n<\/div>\n\n\n\n<div class=\"wp-block-column is-layout-flow wp-block-column-is-layout-flow\" style=\"flex-basis:66.66%\">\n<p><strong>Irene Knava<\/strong> ist Expertin f\u00fcr Publikum, Kulturerlebnis und kulturelles Wirkungsmanagement. Sie ist systemische Organisationsberaterin, zertifizierte Qualit\u00e4tsmanagerin, Trainerin und Lehrbeauftragte an Hochschulen in \u00d6sterreich und Deutschland. 2019 erschien ihr viertes Buch <em>AUDIENCING Diversity 4.0 \u2013 Transformation im digitalen Wandel gestalten und Wirkkraft durch Vielfalt verst\u00e4rken<\/em> bei Facultas, Wien. www.audiencing.net<\/p>\n<\/div>\n<\/div>\n","protected":false},"excerpt":{"rendered":"<p>Irene Knava<\/p>\n","protected":false},"author":1,"featured_media":845,"comment_status":"closed","ping_status":"open","sticky":false,"template":"","format":"standard","meta":{"_uag_custom_page_level_css":"","footnotes":""},"categories":[1],"tags":[],"class_list":["post-843","post","type-post","status-publish","format-standard","has-post-thumbnail","hentry","category-allgemein"],"yoast_head":"<!-- This site is optimized with the Yoast SEO plugin v27.5 - https:\/\/yoast.com\/product\/yoast-seo-wordpress\/ -->\n<title>Die gr\u00f6\u00dfte Krise seit Jahrzehnten - Kulturpolitische Gesellschaft e.V.<\/title>\n<meta name=\"description\" content=\"Kunst und Kultur haben schlichtweg nicht die Relevanz, die sich die meisten Kulturschaffenden w\u00fcnschen.\" \/>\n<meta name=\"robots\" content=\"index, follow, max-snippet:-1, max-image-preview:large, max-video-preview:-1\" \/>\n<link rel=\"canonical\" href=\"https:\/\/kupoge.de\/blog\/2021\/03\/31\/die-groesste-krise\/\" \/>\n<meta property=\"og:locale\" content=\"de_DE\" \/>\n<meta property=\"og:type\" content=\"article\" \/>\n<meta property=\"og:title\" content=\"Die gr\u00f6\u00dfte Krise seit Jahrzehnten\" \/>\n<meta property=\"og:description\" content=\"Irene Knava\" \/>\n<meta property=\"og:url\" content=\"https:\/\/kupoge.de\/blog\/2021\/03\/31\/die-groesste-krise\/\" \/>\n<meta property=\"og:site_name\" content=\"Kulturpolitische Gesellschaft e.V.\" \/>\n<meta property=\"article:published_time\" content=\"2021-03-31T11:29:33+00:00\" \/>\n<meta property=\"article:modified_time\" content=\"2021-03-31T12:10:32+00:00\" \/>\n<meta property=\"og:image\" content=\"https:\/\/kupoge.de\/blog\/wp-content\/uploads\/2021\/03\/foto-scaled-e1617192618213.jpeg\" \/>\n\t<meta property=\"og:image:width\" content=\"2195\" \/>\n\t<meta property=\"og:image:height\" content=\"1563\" \/>\n\t<meta property=\"og:image:type\" content=\"image\/jpeg\" \/>\n<meta name=\"author\" content=\"m39a\" \/>\n<meta name=\"twitter:card\" content=\"summary_large_image\" \/>\n<meta name=\"twitter:title\" content=\"Die gr\u00f6\u00dfte Krise seit Jahrzehnten\" \/>\n<meta name=\"twitter:description\" content=\"Irene Knava\" \/>\n<meta name=\"twitter:label1\" content=\"Verfasst von\" \/>\n\t<meta name=\"twitter:data1\" content=\"m39a\" \/>\n\t<meta name=\"twitter:label2\" content=\"Gesch\u00e4tzte Lesezeit\" \/>\n\t<meta name=\"twitter:data2\" content=\"4\u00a0Minuten\" \/>\n<script type=\"application\/ld+json\" class=\"yoast-schema-graph\">{\"@context\":\"https:\\\/\\\/schema.org\",\"@graph\":[{\"@type\":\"Article\",\"@id\":\"https:\\\/\\\/kupoge.de\\\/blog\\\/2021\\\/03\\\/31\\\/die-groesste-krise\\\/#article\",\"isPartOf\":{\"@id\":\"https:\\\/\\\/kupoge.de\\\/blog\\\/2021\\\/03\\\/31\\\/die-groesste-krise\\\/\"},\"author\":{\"name\":\"m39a\",\"@id\":\"https:\\\/\\\/kupoge.de\\\/blog\\\/#\\\/schema\\\/person\\\/cffe05354738d9b4a970fa18adc92aff\"},\"headline\":\"Die gr\u00f6\u00dfte Krise seit Jahrzehnten\",\"datePublished\":\"2021-03-31T11:29:33+00:00\",\"dateModified\":\"2021-03-31T12:10:32+00:00\",\"mainEntityOfPage\":{\"@id\":\"https:\\\/\\\/kupoge.de\\\/blog\\\/2021\\\/03\\\/31\\\/die-groesste-krise\\\/\"},\"wordCount\":867,\"publisher\":{\"@id\":\"https:\\\/\\\/kupoge.de\\\/blog\\\/#organization\"},\"image\":{\"@id\":\"https:\\\/\\\/kupoge.de\\\/blog\\\/2021\\\/03\\\/31\\\/die-groesste-krise\\\/#primaryimage\"},\"thumbnailUrl\":\"https:\\\/\\\/kupoge.de\\\/blog\\\/wp-content\\\/uploads\\\/2021\\\/03\\\/foto-scaled-e1617192618213.jpeg\",\"inLanguage\":\"de\"},{\"@type\":\"WebPage\",\"@id\":\"https:\\\/\\\/kupoge.de\\\/blog\\\/2021\\\/03\\\/31\\\/die-groesste-krise\\\/\",\"url\":\"https:\\\/\\\/kupoge.de\\\/blog\\\/2021\\\/03\\\/31\\\/die-groesste-krise\\\/\",\"name\":\"Die gr\u00f6\u00dfte Krise seit Jahrzehnten - Kulturpolitische Gesellschaft e.V.\",\"isPartOf\":{\"@id\":\"https:\\\/\\\/kupoge.de\\\/blog\\\/#website\"},\"primaryImageOfPage\":{\"@id\":\"https:\\\/\\\/kupoge.de\\\/blog\\\/2021\\\/03\\\/31\\\/die-groesste-krise\\\/#primaryimage\"},\"image\":{\"@id\":\"https:\\\/\\\/kupoge.de\\\/blog\\\/2021\\\/03\\\/31\\\/die-groesste-krise\\\/#primaryimage\"},\"thumbnailUrl\":\"https:\\\/\\\/kupoge.de\\\/blog\\\/wp-content\\\/uploads\\\/2021\\\/03\\\/foto-scaled-e1617192618213.jpeg\",\"datePublished\":\"2021-03-31T11:29:33+00:00\",\"dateModified\":\"2021-03-31T12:10:32+00:00\",\"description\":\"Kunst und Kultur haben schlichtweg nicht die Relevanz, die sich die meisten Kulturschaffenden w\u00fcnschen.\",\"breadcrumb\":{\"@id\":\"https:\\\/\\\/kupoge.de\\\/blog\\\/2021\\\/03\\\/31\\\/die-groesste-krise\\\/#breadcrumb\"},\"inLanguage\":\"de\",\"potentialAction\":[{\"@type\":\"ReadAction\",\"target\":[\"https:\\\/\\\/kupoge.de\\\/blog\\\/2021\\\/03\\\/31\\\/die-groesste-krise\\\/\"]}]},{\"@type\":\"ImageObject\",\"inLanguage\":\"de\",\"@id\":\"https:\\\/\\\/kupoge.de\\\/blog\\\/2021\\\/03\\\/31\\\/die-groesste-krise\\\/#primaryimage\",\"url\":\"https:\\\/\\\/kupoge.de\\\/blog\\\/wp-content\\\/uploads\\\/2021\\\/03\\\/foto-scaled-e1617192618213.jpeg\",\"contentUrl\":\"https:\\\/\\\/kupoge.de\\\/blog\\\/wp-content\\\/uploads\\\/2021\\\/03\\\/foto-scaled-e1617192618213.jpeg\",\"width\":2195,\"height\":1563,\"caption\":\"Foto: Vlado Paunovic\"},{\"@type\":\"BreadcrumbList\",\"@id\":\"https:\\\/\\\/kupoge.de\\\/blog\\\/2021\\\/03\\\/31\\\/die-groesste-krise\\\/#breadcrumb\",\"itemListElement\":[{\"@type\":\"ListItem\",\"position\":1,\"name\":\"Startseite\",\"item\":\"https:\\\/\\\/kupoge.de\\\/blog\\\/\"},{\"@type\":\"ListItem\",\"position\":2,\"name\":\"Die gr\u00f6\u00dfte Krise seit Jahrzehnten\"}]},{\"@type\":\"WebSite\",\"@id\":\"https:\\\/\\\/kupoge.de\\\/blog\\\/#website\",\"url\":\"https:\\\/\\\/kupoge.de\\\/blog\\\/\",\"name\":\"Kulturpolitische Gesellschaft e.V.\",\"description\":\"\",\"publisher\":{\"@id\":\"https:\\\/\\\/kupoge.de\\\/blog\\\/#organization\"},\"potentialAction\":[{\"@type\":\"SearchAction\",\"target\":{\"@type\":\"EntryPoint\",\"urlTemplate\":\"https:\\\/\\\/kupoge.de\\\/blog\\\/?s={search_term_string}\"},\"query-input\":{\"@type\":\"PropertyValueSpecification\",\"valueRequired\":true,\"valueName\":\"search_term_string\"}}],\"inLanguage\":\"de\"},{\"@type\":\"Organization\",\"@id\":\"https:\\\/\\\/kupoge.de\\\/blog\\\/#organization\",\"name\":\"Kulturpolitische Gesellschaft e.V.\",\"url\":\"https:\\\/\\\/kupoge.de\\\/blog\\\/\",\"logo\":{\"@type\":\"ImageObject\",\"inLanguage\":\"de\",\"@id\":\"https:\\\/\\\/kupoge.de\\\/blog\\\/#\\\/schema\\\/logo\\\/image\\\/\",\"url\":\"https:\\\/\\\/kupoge.de\\\/blog\\\/wp-content\\\/uploads\\\/2020\\\/11\\\/cropped-kupoge-logo.png\",\"contentUrl\":\"https:\\\/\\\/kupoge.de\\\/blog\\\/wp-content\\\/uploads\\\/2020\\\/11\\\/cropped-kupoge-logo.png\",\"width\":503,\"height\":63,\"caption\":\"Kulturpolitische Gesellschaft e.V.\"},\"image\":{\"@id\":\"https:\\\/\\\/kupoge.de\\\/blog\\\/#\\\/schema\\\/logo\\\/image\\\/\"}},{\"@type\":\"Person\",\"@id\":\"https:\\\/\\\/kupoge.de\\\/blog\\\/#\\\/schema\\\/person\\\/cffe05354738d9b4a970fa18adc92aff\",\"name\":\"m39a\",\"image\":{\"@type\":\"ImageObject\",\"inLanguage\":\"de\",\"@id\":\"https:\\\/\\\/secure.gravatar.com\\\/avatar\\\/4b4873431efea09c8f10a0eaa0ef2e3d25faf7ec4c9bc4e05370edd482901db2?s=96&d=mm&r=g\",\"url\":\"https:\\\/\\\/secure.gravatar.com\\\/avatar\\\/4b4873431efea09c8f10a0eaa0ef2e3d25faf7ec4c9bc4e05370edd482901db2?s=96&d=mm&r=g\",\"contentUrl\":\"https:\\\/\\\/secure.gravatar.com\\\/avatar\\\/4b4873431efea09c8f10a0eaa0ef2e3d25faf7ec4c9bc4e05370edd482901db2?s=96&d=mm&r=g\",\"caption\":\"m39a\"},\"sameAs\":[\"https:\\\/\\\/kupoge.de\\\/blog\"],\"url\":\"https:\\\/\\\/kupoge.de\\\/blog\\\/author\\\/m39a\\\/\"}]}<\/script>\n<!-- \/ Yoast SEO plugin. -->","yoast_head_json":{"title":"Die gr\u00f6\u00dfte Krise seit Jahrzehnten - Kulturpolitische Gesellschaft e.V.","description":"Kunst und Kultur haben schlichtweg nicht die Relevanz, die sich die meisten Kulturschaffenden w\u00fcnschen.","robots":{"index":"index","follow":"follow","max-snippet":"max-snippet:-1","max-image-preview":"max-image-preview:large","max-video-preview":"max-video-preview:-1"},"canonical":"https:\/\/kupoge.de\/blog\/2021\/03\/31\/die-groesste-krise\/","og_locale":"de_DE","og_type":"article","og_title":"Die gr\u00f6\u00dfte Krise seit Jahrzehnten","og_description":"Irene Knava","og_url":"https:\/\/kupoge.de\/blog\/2021\/03\/31\/die-groesste-krise\/","og_site_name":"Kulturpolitische Gesellschaft e.V.","article_published_time":"2021-03-31T11:29:33+00:00","article_modified_time":"2021-03-31T12:10:32+00:00","og_image":[{"width":2195,"height":1563,"url":"https:\/\/kupoge.de\/blog\/wp-content\/uploads\/2021\/03\/foto-scaled-e1617192618213.jpeg","type":"image\/jpeg"}],"author":"m39a","twitter_card":"summary_large_image","twitter_title":"Die gr\u00f6\u00dfte Krise seit Jahrzehnten","twitter_description":"Irene Knava","twitter_misc":{"Verfasst von":"m39a","Gesch\u00e4tzte Lesezeit":"4\u00a0Minuten"},"schema":{"@context":"https:\/\/schema.org","@graph":[{"@type":"Article","@id":"https:\/\/kupoge.de\/blog\/2021\/03\/31\/die-groesste-krise\/#article","isPartOf":{"@id":"https:\/\/kupoge.de\/blog\/2021\/03\/31\/die-groesste-krise\/"},"author":{"name":"m39a","@id":"https:\/\/kupoge.de\/blog\/#\/schema\/person\/cffe05354738d9b4a970fa18adc92aff"},"headline":"Die gr\u00f6\u00dfte Krise seit Jahrzehnten","datePublished":"2021-03-31T11:29:33+00:00","dateModified":"2021-03-31T12:10:32+00:00","mainEntityOfPage":{"@id":"https:\/\/kupoge.de\/blog\/2021\/03\/31\/die-groesste-krise\/"},"wordCount":867,"publisher":{"@id":"https:\/\/kupoge.de\/blog\/#organization"},"image":{"@id":"https:\/\/kupoge.de\/blog\/2021\/03\/31\/die-groesste-krise\/#primaryimage"},"thumbnailUrl":"https:\/\/kupoge.de\/blog\/wp-content\/uploads\/2021\/03\/foto-scaled-e1617192618213.jpeg","inLanguage":"de"},{"@type":"WebPage","@id":"https:\/\/kupoge.de\/blog\/2021\/03\/31\/die-groesste-krise\/","url":"https:\/\/kupoge.de\/blog\/2021\/03\/31\/die-groesste-krise\/","name":"Die gr\u00f6\u00dfte Krise seit Jahrzehnten - Kulturpolitische Gesellschaft e.V.","isPartOf":{"@id":"https:\/\/kupoge.de\/blog\/#website"},"primaryImageOfPage":{"@id":"https:\/\/kupoge.de\/blog\/2021\/03\/31\/die-groesste-krise\/#primaryimage"},"image":{"@id":"https:\/\/kupoge.de\/blog\/2021\/03\/31\/die-groesste-krise\/#primaryimage"},"thumbnailUrl":"https:\/\/kupoge.de\/blog\/wp-content\/uploads\/2021\/03\/foto-scaled-e1617192618213.jpeg","datePublished":"2021-03-31T11:29:33+00:00","dateModified":"2021-03-31T12:10:32+00:00","description":"Kunst und Kultur haben schlichtweg nicht die Relevanz, die sich die meisten Kulturschaffenden w\u00fcnschen.","breadcrumb":{"@id":"https:\/\/kupoge.de\/blog\/2021\/03\/31\/die-groesste-krise\/#breadcrumb"},"inLanguage":"de","potentialAction":[{"@type":"ReadAction","target":["https:\/\/kupoge.de\/blog\/2021\/03\/31\/die-groesste-krise\/"]}]},{"@type":"ImageObject","inLanguage":"de","@id":"https:\/\/kupoge.de\/blog\/2021\/03\/31\/die-groesste-krise\/#primaryimage","url":"https:\/\/kupoge.de\/blog\/wp-content\/uploads\/2021\/03\/foto-scaled-e1617192618213.jpeg","contentUrl":"https:\/\/kupoge.de\/blog\/wp-content\/uploads\/2021\/03\/foto-scaled-e1617192618213.jpeg","width":2195,"height":1563,"caption":"Foto: Vlado Paunovic"},{"@type":"BreadcrumbList","@id":"https:\/\/kupoge.de\/blog\/2021\/03\/31\/die-groesste-krise\/#breadcrumb","itemListElement":[{"@type":"ListItem","position":1,"name":"Startseite","item":"https:\/\/kupoge.de\/blog\/"},{"@type":"ListItem","position":2,"name":"Die gr\u00f6\u00dfte Krise seit Jahrzehnten"}]},{"@type":"WebSite","@id":"https:\/\/kupoge.de\/blog\/#website","url":"https:\/\/kupoge.de\/blog\/","name":"Kulturpolitische Gesellschaft e.V.","description":"","publisher":{"@id":"https:\/\/kupoge.de\/blog\/#organization"},"potentialAction":[{"@type":"SearchAction","target":{"@type":"EntryPoint","urlTemplate":"https:\/\/kupoge.de\/blog\/?s={search_term_string}"},"query-input":{"@type":"PropertyValueSpecification","valueRequired":true,"valueName":"search_term_string"}}],"inLanguage":"de"},{"@type":"Organization","@id":"https:\/\/kupoge.de\/blog\/#organization","name":"Kulturpolitische Gesellschaft e.V.","url":"https:\/\/kupoge.de\/blog\/","logo":{"@type":"ImageObject","inLanguage":"de","@id":"https:\/\/kupoge.de\/blog\/#\/schema\/logo\/image\/","url":"https:\/\/kupoge.de\/blog\/wp-content\/uploads\/2020\/11\/cropped-kupoge-logo.png","contentUrl":"https:\/\/kupoge.de\/blog\/wp-content\/uploads\/2020\/11\/cropped-kupoge-logo.png","width":503,"height":63,"caption":"Kulturpolitische Gesellschaft e.V."},"image":{"@id":"https:\/\/kupoge.de\/blog\/#\/schema\/logo\/image\/"}},{"@type":"Person","@id":"https:\/\/kupoge.de\/blog\/#\/schema\/person\/cffe05354738d9b4a970fa18adc92aff","name":"m39a","image":{"@type":"ImageObject","inLanguage":"de","@id":"https:\/\/secure.gravatar.com\/avatar\/4b4873431efea09c8f10a0eaa0ef2e3d25faf7ec4c9bc4e05370edd482901db2?s=96&d=mm&r=g","url":"https:\/\/secure.gravatar.com\/avatar\/4b4873431efea09c8f10a0eaa0ef2e3d25faf7ec4c9bc4e05370edd482901db2?s=96&d=mm&r=g","contentUrl":"https:\/\/secure.gravatar.com\/avatar\/4b4873431efea09c8f10a0eaa0ef2e3d25faf7ec4c9bc4e05370edd482901db2?s=96&d=mm&r=g","caption":"m39a"},"sameAs":["https:\/\/kupoge.de\/blog"],"url":"https:\/\/kupoge.de\/blog\/author\/m39a\/"}]}},"uagb_featured_image_src":{"full":["https:\/\/kupoge.de\/blog\/wp-content\/uploads\/2021\/03\/foto-scaled-e1617192618213.jpeg",2195,1563,false],"thumbnail":["https:\/\/kupoge.de\/blog\/wp-content\/uploads\/2021\/03\/foto-scaled-e1617192618213-150x150.jpeg",150,150,true],"medium":["https:\/\/kupoge.de\/blog\/wp-content\/uploads\/2021\/03\/foto-scaled-e1617192618213-300x214.jpeg",300,214,true],"medium_large":["https:\/\/kupoge.de\/blog\/wp-content\/uploads\/2021\/03\/foto-scaled-e1617192618213-768x547.jpeg",580,413,true],"large":["https:\/\/kupoge.de\/blog\/wp-content\/uploads\/2021\/03\/foto-scaled-e1617192618213-1024x729.jpeg",580,413,true],"1536x1536":["https:\/\/kupoge.de\/blog\/wp-content\/uploads\/2021\/03\/foto-scaled-e1617192618213-1536x1094.jpeg",1536,1094,true],"2048x2048":["https:\/\/kupoge.de\/blog\/wp-content\/uploads\/2021\/03\/foto-scaled-e1617192618213-2048x1458.jpeg",2048,1458,true],"post-thumbnail":["https:\/\/kupoge.de\/blog\/wp-content\/uploads\/2021\/03\/foto-scaled-e1617192618213-1200x854.jpeg",1200,854,true],"twentytwenty-fullscreen":["https:\/\/kupoge.de\/blog\/wp-content\/uploads\/2021\/03\/foto-scaled-e1617192618213-1980x1410.jpeg",1980,1410,true]},"uagb_author_info":{"display_name":"m39a","author_link":"https:\/\/kupoge.de\/blog\/author\/m39a\/"},"uagb_comment_info":1,"uagb_excerpt":"Irene Knava","_links":{"self":[{"href":"https:\/\/kupoge.de\/blog\/wp-json\/wp\/v2\/posts\/843","targetHints":{"allow":["GET"]}}],"collection":[{"href":"https:\/\/kupoge.de\/blog\/wp-json\/wp\/v2\/posts"}],"about":[{"href":"https:\/\/kupoge.de\/blog\/wp-json\/wp\/v2\/types\/post"}],"author":[{"embeddable":true,"href":"https:\/\/kupoge.de\/blog\/wp-json\/wp\/v2\/users\/1"}],"replies":[{"embeddable":true,"href":"https:\/\/kupoge.de\/blog\/wp-json\/wp\/v2\/comments?post=843"}],"version-history":[{"count":4,"href":"https:\/\/kupoge.de\/blog\/wp-json\/wp\/v2\/posts\/843\/revisions"}],"predecessor-version":[{"id":914,"href":"https:\/\/kupoge.de\/blog\/wp-json\/wp\/v2\/posts\/843\/revisions\/914"}],"wp:featuredmedia":[{"embeddable":true,"href":"https:\/\/kupoge.de\/blog\/wp-json\/wp\/v2\/media\/845"}],"wp:attachment":[{"href":"https:\/\/kupoge.de\/blog\/wp-json\/wp\/v2\/media?parent=843"}],"wp:term":[{"taxonomy":"category","embeddable":true,"href":"https:\/\/kupoge.de\/blog\/wp-json\/wp\/v2\/categories?post=843"},{"taxonomy":"post_tag","embeddable":true,"href":"https:\/\/kupoge.de\/blog\/wp-json\/wp\/v2\/tags?post=843"}],"curies":[{"name":"wp","href":"https:\/\/api.w.org\/{rel}","templated":true}]}}