{"id":924,"date":"2021-05-12T16:15:22","date_gmt":"2021-05-12T14:15:22","guid":{"rendered":"https:\/\/kupoge.de\/blog\/?p=924"},"modified":"2021-05-12T16:19:49","modified_gmt":"2021-05-12T14:19:49","slug":"warum-auf-die-not-warten-um-erfinderisch-zu-werden","status":"publish","type":"post","link":"https:\/\/kupoge.de\/blog\/2021\/05\/12\/warum-auf-die-not-warten-um-erfinderisch-zu-werden\/","title":{"rendered":"Warum auf die Not warten, um erfinderisch zu werden?"},"content":{"rendered":"\n<p>Geld ist Macht. Diese Aussage ist so kurz wie sie irritierend erscheinen mag. Ich denke viel \u00fcber Geld nach, oder genauer: Wie dieses im Rahmen der \u00f6ffentlichen Kulturf\u00f6rderung (in meinem Falle der EU) eingesetzt wird und was antragstellende Einrichtungen tun m\u00fcssen, um an dieses Geld zu kommen. Trotzdem bin ich oft \u00fcberrascht dar\u00fcber, wie wenig viele andere und sogar ich selbst am Ende dann doch \u00fcber Geld nachdenken. Und dass wir uns selten fragen, wie Geld M\u00f6glichkeiten schafft oder verhindert.<\/p>\n\n\n\n<p>Angeregt zu diesen Gedanken hat mich der Artikel von Dr. Henning Mohr in ebendieser Reihe #neueRelevanz der Kulturpolitischen Gesellschaft, meinem Arbeitgeber. Am 23.12. ver\u00f6ffentliche Henning Mohr seinen Artikel <a href=\"https:\/\/kupoge.de\/blog\/2020\/12\/23\/selbstbezueglichkeit-statt-relevanz-transformationsdefizite-oeffentlich-gefoerderter-kulturorganisationen\/\">\u00bbSelbstbez\u00fcglichkeit statt Relevanz. Transformationsdefizite \u00f6ffentlich gef\u00f6rderter Kulturorganisationen\u00ab.<\/a> In diesem Text geht er der Frage nach, wie in \u00f6ffentlich gef\u00f6rderten Kultureinrichtungen mehr Innovation entstehen kann und wie die \u00bbTransformationsdefizite des Sektors\u00ab behoben werden k\u00f6nnen. Diese Frage brennt mir ebenso unter den N\u00e4geln und mit diesem Beitrag m\u00f6chte ich in einer Antwort n\u00e4herkommen.<\/p>\n\n\n\n<p>Henning Mohr kommt in seinem Text unter anderem zu dem Schluss, dass die dauerhafte F\u00f6rderung durch die \u00f6ffentliche Hand daf\u00fcr sorgt, dass alles so bleibt wie es ist. Weil gef\u00f6rdert wird, was man eben immer schon so gemacht hat. Es bestehe \u00bbangesichts dieses in der Regel einigerma\u00dfen sicheren Finanzrahmens [\u2026] innerhalb der Systeme keine Pflicht zur Legitimation gegen\u00fcber f\u00f6rdermittelgebender Instanzen und damit auch kein Anpassungsdruck\u00ab. So sehr ich dieser Analyse grunds\u00e4tzliche zustimme, will ich andere Konsequenzen daraus ziehen. Denn f\u00fcr mich steckt in dieser Schlussfolgerung der Glaubenssatz, dass Not erfinderisch macht. Und weil die \u00f6ffentlich gef\u00f6rderte Kultur zu wenig erfinderisch ist, muss \u2013 \u00fcberspitzt ausgedr\u00fcckt \u2013 Not geschaffen werden.<\/p>\n\n\n\n<p><\/p>\n\n\n\n<h3 class=\"wp-block-heading\"><strong><strong><strong><strong><strong><strong><strong><strong><strong><strong>K\u00fcnstliche Verknappung<\/strong><\/strong><\/strong><\/strong><\/strong><\/strong><\/strong><\/strong><\/strong><\/strong><\/h3>\n\n\n\n<p>Ich denke diesen Ansatz f\u00fcr einen kurzen Moment weiter: Der sichere Finanzrahmen \u00f6ffentlicher F\u00f6rderung sorgt also f\u00fcr eine andauernde Selbstbest\u00e4tigung und verhindert Ver\u00e4nderung. Das kann ich nachvollziehen: &nbsp;Man macht damit weiter, wof\u00fcr man das Geld bereits das letzte Mal bekommen hat. Wie bringen wir also das System und mit ihm die Menschen dazu, sich zu \u00e4ndern? Indem wir Geld erst wieder vergeben, wenn der Wille zur Ver\u00e4nderung sichtbar wird? Indem wir f\u00fcr finanzielle Knappheit sorgen? Ich denke, dass dieses Szenario m\u00f6glich ist, aber nicht notwendigerweise so eintritt. Das einzige was an dem Ansatz <em>Not macht erfinderisch<\/em> jedoch sicher ist, ist die Not. Auf die Erfindung kann man dann bestenfalls noch hoffen.<\/p>\n\n\n\n<p>Es wird sicherlich deutlich, dass ich vor allem die Vorstellung ablehne, dass Innovation nur durch \u00e4u\u00dfere (\u00f6konomische) Zw\u00e4nge entsteht. Willkommen in der Welt des <em>Homo Oeconomicus<\/em>! Und ich gehe noch weiter und bef\u00fcrchte, dass finanzielle Not in stark hierarchisierten Kultureinrichtungen, wie unser Land sie zu gen\u00fcge hat, diese Hierarchien zementieren statt aufl\u00f6sen wird. Und schlie\u00dflich diejenigen \u00fcbrigbleiben, die schon zuvor verhindert haben, dass sich etwas \u00e4ndert.<\/p>\n\n\n\n<h3 class=\"wp-block-heading\"><strong><strong><strong><strong><strong><strong><strong><strong><strong><strong>Geld ist Macht<\/strong><\/strong><\/strong><\/strong><\/strong><\/strong><\/strong><\/strong><\/strong><\/strong><\/h3>\n\n\n\n<p>Damit zur\u00fcck zu meinem Anfangsgedanken: Ich bin nat\u00fcrlich \u00fcberzeugt davon, dass die Art und Weise, Geld auszugeben, Ver\u00e4nderung schafft. Das steckt f\u00fcr mich hinter dem Gedanken, dass Geld Macht ist. Deswegen will ich mehr \u00fcber Geld reden! Nicht, weil ich machtbesessen bin, sondern weil ich Ver\u00e4nderung will. Und die h\u00e4ngt fr\u00fcher oder sp\u00e4ter immer am Geld. Es ist aber gar nicht so einfach \u00fcber Geld zu sprechen in einer Branche, in der eigentlich niemand so richtig \u00fcber Geld reden will. Vielleicht, weil wir es nicht gelernt haben oder weil es uns nicht interessiert oder wir gelernt haben, uns nicht daf\u00fcr zu interessieren. Letzteres kann ich nach einem geistes- und sozialwissenschaftlichem Studium f\u00fcr mich reklamieren. Zweieinhalb Jahre Budgetplanung f\u00fcr den CED KULTUR und zahlreiche Beratungen von Kultureinrichtungen zu europ\u00e4ischen Kooperationsprojekten sp\u00e4ter bin ich anderer Meinung: Ich interessiere mich f\u00fcr Geld, weil es Ver\u00e4nderung erlaubt.<\/p>\n\n\n\n<p>Die Diskussion um Geld f\u00fcr Kultur, die Kulturf\u00f6rderung, findet meines Erachtens aber allzu oft nur zwischen zwei argumentativen Polen statt: Zwischen denen, die mehr Geld fordern, und denen, die erwidern, dass diese Forderung nach mehr Geld schon vor Jahrzehnten gestellt wurde und sich trotzdem nichts ge\u00e4ndert hat. Beide Positionen scheinen nachvollziehbar. Aber wenn weder weniger noch mehr die L\u00f6sung ist, m\u00fcssen wir dann \u00fcberhaupt \u00fcber Geld reden? Ja, denn wir m\u00fcssen dar\u00fcber sprechen, wie es beantragt werden kann, wie es vergeben und wie kalkuliert wird.<\/p>\n\n\n\n<h3 class=\"wp-block-heading\"><strong><strong><strong><strong><strong><strong><strong><strong><strong><strong>Ein langes Gespr\u00e4ch<\/strong><\/strong><\/strong><\/strong><\/strong><\/strong><\/strong><\/strong><\/strong><\/strong><\/h3>\n\n\n\n<p>Geld vergeben und ausgeben muss erfinderisch werden. Denn Geld ausgeben ist eine Kunst, die inhaltliche Arbeit erm\u00f6glichen kann. Hier liegen die Herausforderungen: Wie ver\u00e4ndere ich eine \u00f6ffentliche Kulturf\u00f6rderung, sodass sie CO2-Reduktion zur Maxime erhebt? Oder sich einem intersektionalen Feminismus verschreibt? Oder sich selbst dekolonialisiert und die eigenen Praktiken rassismuskritisch hinterfragt? Damit sie das erm\u00f6glicht, was Sarah Braun ebenfalls in dieser Reihe fordert: <a href=\"https:\/\/kupoge.de\/blog\/2021\/02\/12\/eine-neue-sprache\/\">\u00bbDeutungsr\u00e4ume f\u00fcr alle. Deutungshoheit f\u00fcr niemanden.\u00ab<\/a><\/p>\n\n\n\n<p>Zu diesen \u00dcberlegungen gibt es sowohl deutschland- als auch europaweit bereits Menschen und Initiativen, die gute Ideen haben und umsetzen. Ich bin wahrlich nicht die Erste, die diese Fragen aufwirft. Aber sie treibt mich um und an: Wie schafft man F\u00f6rderstrukturen, die das sind, was wir fordern: innovativ! Dar\u00fcber m\u00fcssen sich meines Erachtens alle Gedanken machen, die am Spiel beteiligt sind: \u00d6ffentliche Einrichtungen, die institutionelle F\u00f6rderung erhalten, genauso wie Organisationen, die haupts\u00e4chlich Projektf\u00f6rderung erhalten. EU, Bund, L\u00e4nder, Kommunen und private F\u00f6rdereinrichtungen.<\/p>\n\n\n\n<p>Ich m\u00f6chte nicht auf die Not warten, um erfinderisch zu werden. Ich will jetzt \u00fcber Geld reden. Auch wenn es ein langes Gespr\u00e4ch wird.<\/p>\n\n\n\n<p><\/p>\n\n\n\n<p><br><strong>Autorin<\/strong><\/p>\n\n\n\n<div class=\"wp-block-columns is-layout-flex wp-container-core-columns-is-layout-9d6595d7 wp-block-columns-is-layout-flex\">\n<div class=\"wp-block-column is-layout-flow wp-block-column-is-layout-flow\" style=\"flex-basis:33.33%\">\n<figure class=\"wp-block-image size-large\"><img loading=\"lazy\" decoding=\"async\" width=\"768\" height=\"1024\" src=\"https:\/\/kupoge.de\/blog\/wp-content\/uploads\/2021\/05\/Lea_Stoever-c-Roland-Baege-768x1024.jpg\" alt=\"\" class=\"wp-image-925\" srcset=\"https:\/\/kupoge.de\/blog\/wp-content\/uploads\/2021\/05\/Lea_Stoever-c-Roland-Baege-768x1024.jpg 768w, https:\/\/kupoge.de\/blog\/wp-content\/uploads\/2021\/05\/Lea_Stoever-c-Roland-Baege-225x300.jpg 225w, https:\/\/kupoge.de\/blog\/wp-content\/uploads\/2021\/05\/Lea_Stoever-c-Roland-Baege-1152x1536.jpg 1152w, https:\/\/kupoge.de\/blog\/wp-content\/uploads\/2021\/05\/Lea_Stoever-c-Roland-Baege-1536x2048.jpg 1536w, https:\/\/kupoge.de\/blog\/wp-content\/uploads\/2021\/05\/Lea_Stoever-c-Roland-Baege-1200x1600.jpg 1200w, https:\/\/kupoge.de\/blog\/wp-content\/uploads\/2021\/05\/Lea_Stoever-c-Roland-Baege-1980x2640.jpg 1980w, https:\/\/kupoge.de\/blog\/wp-content\/uploads\/2021\/05\/Lea_Stoever-c-Roland-Baege-scaled.jpg 1920w\" sizes=\"auto, (max-width: 768px) 100vw, 768px\" \/><figcaption>(c) Roland Baege<\/figcaption><\/figure>\n<\/div>\n\n\n\n<div class=\"wp-block-column is-layout-flow wp-block-column-is-layout-flow\" style=\"flex-basis:66.66%\">\n<p><strong><strong>Lea St\u00f6ver <\/strong><\/strong>hat Ethnologie und Germanistik studiert und leitet seit August 2018 den Creative Europe Desk KULTUR (CED KULTUR). Gemeinsam mit ihrem Team ber\u00e4t sie Kultureinrichtungen und Kulturschaffende zu den F\u00f6rderm\u00f6glichkeiten des EU-Programms Kreatives Europa KULTUR. Die Kulturpolitische Gesellschaft e.V. ist Tr\u00e4ger des CED KULTUR.<\/p>\n\n\n\n<p><\/p>\n<\/div>\n<\/div>\n","protected":false},"excerpt":{"rendered":"<p>Lea St\u00f6ver<\/p>\n","protected":false},"author":1,"featured_media":927,"comment_status":"closed","ping_status":"open","sticky":false,"template":"","format":"standard","meta":{"_uag_custom_page_level_css":"","footnotes":""},"categories":[1],"tags":[],"class_list":["post-924","post","type-post","status-publish","format-standard","has-post-thumbnail","hentry","category-allgemein"],"yoast_head":"<!-- This site is optimized with the Yoast SEO plugin v27.5 - https:\/\/yoast.com\/product\/yoast-seo-wordpress\/ -->\n<title>Warum auf die Not warten, um erfinderisch zu werden? - Kulturpolitische Gesellschaft e.V.<\/title>\n<meta name=\"description\" content=\"Ich m\u00f6chte nicht auf die Not warten, um erfinderisch zu werden. Ich will jetzt \u00fcber Geld reden. Auch wenn es ein langes Gespr\u00e4ch wird.\" \/>\n<meta name=\"robots\" content=\"index, follow, max-snippet:-1, max-image-preview:large, max-video-preview:-1\" \/>\n<link rel=\"canonical\" href=\"https:\/\/kupoge.de\/blog\/2021\/05\/12\/warum-auf-die-not-warten-um-erfinderisch-zu-werden\/\" \/>\n<meta property=\"og:locale\" content=\"de_DE\" \/>\n<meta property=\"og:type\" content=\"article\" \/>\n<meta property=\"og:title\" content=\"Warum auf die Not warten, um erfinderisch zu werden?\" \/>\n<meta property=\"og:description\" content=\"Lea St\u00f6ver\" \/>\n<meta property=\"og:url\" content=\"https:\/\/kupoge.de\/blog\/2021\/05\/12\/warum-auf-die-not-warten-um-erfinderisch-zu-werden\/\" \/>\n<meta property=\"og:site_name\" content=\"Kulturpolitische Gesellschaft e.V.\" \/>\n<meta property=\"article:published_time\" content=\"2021-05-12T14:15:22+00:00\" \/>\n<meta property=\"article:modified_time\" content=\"2021-05-12T14:19:49+00:00\" \/>\n<meta property=\"og:image\" content=\"https:\/\/kupoge.de\/blog\/wp-content\/uploads\/2021\/05\/pexels-photo-5691602-e1620828813399.jpeg\" \/>\n\t<meta property=\"og:image:width\" content=\"1501\" \/>\n\t<meta property=\"og:image:height\" content=\"1074\" \/>\n\t<meta property=\"og:image:type\" content=\"image\/jpeg\" \/>\n<meta name=\"author\" content=\"m39a\" \/>\n<meta name=\"twitter:card\" content=\"summary_large_image\" \/>\n<meta name=\"twitter:title\" content=\"Warum auf die Not warten, um erfinderisch zu werden?\" \/>\n<meta name=\"twitter:description\" content=\"Lea St\u00f6ver\" \/>\n<meta name=\"twitter:image\" content=\"https:\/\/kupoge.de\/blog\/wp-content\/uploads\/2021\/05\/pexels-photo-5691602-e1620828813399.jpeg\" \/>\n<meta name=\"twitter:label1\" content=\"Verfasst von\" \/>\n\t<meta name=\"twitter:data1\" content=\"m39a\" \/>\n\t<meta name=\"twitter:label2\" content=\"Gesch\u00e4tzte Lesezeit\" \/>\n\t<meta name=\"twitter:data2\" content=\"5\u00a0Minuten\" \/>\n<script type=\"application\/ld+json\" class=\"yoast-schema-graph\">{\"@context\":\"https:\\\/\\\/schema.org\",\"@graph\":[{\"@type\":\"Article\",\"@id\":\"https:\\\/\\\/kupoge.de\\\/blog\\\/2021\\\/05\\\/12\\\/warum-auf-die-not-warten-um-erfinderisch-zu-werden\\\/#article\",\"isPartOf\":{\"@id\":\"https:\\\/\\\/kupoge.de\\\/blog\\\/2021\\\/05\\\/12\\\/warum-auf-die-not-warten-um-erfinderisch-zu-werden\\\/\"},\"author\":{\"name\":\"m39a\",\"@id\":\"https:\\\/\\\/kupoge.de\\\/blog\\\/#\\\/schema\\\/person\\\/cffe05354738d9b4a970fa18adc92aff\"},\"headline\":\"Warum auf die Not warten, um erfinderisch zu werden?\",\"datePublished\":\"2021-05-12T14:15:22+00:00\",\"dateModified\":\"2021-05-12T14:19:49+00:00\",\"mainEntityOfPage\":{\"@id\":\"https:\\\/\\\/kupoge.de\\\/blog\\\/2021\\\/05\\\/12\\\/warum-auf-die-not-warten-um-erfinderisch-zu-werden\\\/\"},\"wordCount\":993,\"publisher\":{\"@id\":\"https:\\\/\\\/kupoge.de\\\/blog\\\/#organization\"},\"image\":{\"@id\":\"https:\\\/\\\/kupoge.de\\\/blog\\\/2021\\\/05\\\/12\\\/warum-auf-die-not-warten-um-erfinderisch-zu-werden\\\/#primaryimage\"},\"thumbnailUrl\":\"https:\\\/\\\/kupoge.de\\\/blog\\\/wp-content\\\/uploads\\\/2021\\\/05\\\/pexels-photo-5691602-e1620828813399.jpeg\",\"inLanguage\":\"de\"},{\"@type\":\"WebPage\",\"@id\":\"https:\\\/\\\/kupoge.de\\\/blog\\\/2021\\\/05\\\/12\\\/warum-auf-die-not-warten-um-erfinderisch-zu-werden\\\/\",\"url\":\"https:\\\/\\\/kupoge.de\\\/blog\\\/2021\\\/05\\\/12\\\/warum-auf-die-not-warten-um-erfinderisch-zu-werden\\\/\",\"name\":\"Warum auf die Not warten, um erfinderisch zu werden? - Kulturpolitische Gesellschaft e.V.\",\"isPartOf\":{\"@id\":\"https:\\\/\\\/kupoge.de\\\/blog\\\/#website\"},\"primaryImageOfPage\":{\"@id\":\"https:\\\/\\\/kupoge.de\\\/blog\\\/2021\\\/05\\\/12\\\/warum-auf-die-not-warten-um-erfinderisch-zu-werden\\\/#primaryimage\"},\"image\":{\"@id\":\"https:\\\/\\\/kupoge.de\\\/blog\\\/2021\\\/05\\\/12\\\/warum-auf-die-not-warten-um-erfinderisch-zu-werden\\\/#primaryimage\"},\"thumbnailUrl\":\"https:\\\/\\\/kupoge.de\\\/blog\\\/wp-content\\\/uploads\\\/2021\\\/05\\\/pexels-photo-5691602-e1620828813399.jpeg\",\"datePublished\":\"2021-05-12T14:15:22+00:00\",\"dateModified\":\"2021-05-12T14:19:49+00:00\",\"description\":\"Ich m\u00f6chte nicht auf die Not warten, um erfinderisch zu werden. Ich will jetzt \u00fcber Geld reden. Auch wenn es ein langes Gespr\u00e4ch wird.\",\"breadcrumb\":{\"@id\":\"https:\\\/\\\/kupoge.de\\\/blog\\\/2021\\\/05\\\/12\\\/warum-auf-die-not-warten-um-erfinderisch-zu-werden\\\/#breadcrumb\"},\"inLanguage\":\"de\",\"potentialAction\":[{\"@type\":\"ReadAction\",\"target\":[\"https:\\\/\\\/kupoge.de\\\/blog\\\/2021\\\/05\\\/12\\\/warum-auf-die-not-warten-um-erfinderisch-zu-werden\\\/\"]}]},{\"@type\":\"ImageObject\",\"inLanguage\":\"de\",\"@id\":\"https:\\\/\\\/kupoge.de\\\/blog\\\/2021\\\/05\\\/12\\\/warum-auf-die-not-warten-um-erfinderisch-zu-werden\\\/#primaryimage\",\"url\":\"https:\\\/\\\/kupoge.de\\\/blog\\\/wp-content\\\/uploads\\\/2021\\\/05\\\/pexels-photo-5691602-e1620828813399.jpeg\",\"contentUrl\":\"https:\\\/\\\/kupoge.de\\\/blog\\\/wp-content\\\/uploads\\\/2021\\\/05\\\/pexels-photo-5691602-e1620828813399.jpeg\",\"width\":1501,\"height\":1074,\"caption\":\"Foto: Ksenia Chernaya\"},{\"@type\":\"BreadcrumbList\",\"@id\":\"https:\\\/\\\/kupoge.de\\\/blog\\\/2021\\\/05\\\/12\\\/warum-auf-die-not-warten-um-erfinderisch-zu-werden\\\/#breadcrumb\",\"itemListElement\":[{\"@type\":\"ListItem\",\"position\":1,\"name\":\"Startseite\",\"item\":\"https:\\\/\\\/kupoge.de\\\/blog\\\/\"},{\"@type\":\"ListItem\",\"position\":2,\"name\":\"Warum auf die Not warten, um erfinderisch zu werden?\"}]},{\"@type\":\"WebSite\",\"@id\":\"https:\\\/\\\/kupoge.de\\\/blog\\\/#website\",\"url\":\"https:\\\/\\\/kupoge.de\\\/blog\\\/\",\"name\":\"Kulturpolitische Gesellschaft e.V.\",\"description\":\"\",\"publisher\":{\"@id\":\"https:\\\/\\\/kupoge.de\\\/blog\\\/#organization\"},\"potentialAction\":[{\"@type\":\"SearchAction\",\"target\":{\"@type\":\"EntryPoint\",\"urlTemplate\":\"https:\\\/\\\/kupoge.de\\\/blog\\\/?s={search_term_string}\"},\"query-input\":{\"@type\":\"PropertyValueSpecification\",\"valueRequired\":true,\"valueName\":\"search_term_string\"}}],\"inLanguage\":\"de\"},{\"@type\":\"Organization\",\"@id\":\"https:\\\/\\\/kupoge.de\\\/blog\\\/#organization\",\"name\":\"Kulturpolitische Gesellschaft e.V.\",\"url\":\"https:\\\/\\\/kupoge.de\\\/blog\\\/\",\"logo\":{\"@type\":\"ImageObject\",\"inLanguage\":\"de\",\"@id\":\"https:\\\/\\\/kupoge.de\\\/blog\\\/#\\\/schema\\\/logo\\\/image\\\/\",\"url\":\"https:\\\/\\\/kupoge.de\\\/blog\\\/wp-content\\\/uploads\\\/2020\\\/11\\\/cropped-kupoge-logo.png\",\"contentUrl\":\"https:\\\/\\\/kupoge.de\\\/blog\\\/wp-content\\\/uploads\\\/2020\\\/11\\\/cropped-kupoge-logo.png\",\"width\":503,\"height\":63,\"caption\":\"Kulturpolitische Gesellschaft e.V.\"},\"image\":{\"@id\":\"https:\\\/\\\/kupoge.de\\\/blog\\\/#\\\/schema\\\/logo\\\/image\\\/\"}},{\"@type\":\"Person\",\"@id\":\"https:\\\/\\\/kupoge.de\\\/blog\\\/#\\\/schema\\\/person\\\/cffe05354738d9b4a970fa18adc92aff\",\"name\":\"m39a\",\"image\":{\"@type\":\"ImageObject\",\"inLanguage\":\"de\",\"@id\":\"https:\\\/\\\/secure.gravatar.com\\\/avatar\\\/4b4873431efea09c8f10a0eaa0ef2e3d25faf7ec4c9bc4e05370edd482901db2?s=96&d=mm&r=g\",\"url\":\"https:\\\/\\\/secure.gravatar.com\\\/avatar\\\/4b4873431efea09c8f10a0eaa0ef2e3d25faf7ec4c9bc4e05370edd482901db2?s=96&d=mm&r=g\",\"contentUrl\":\"https:\\\/\\\/secure.gravatar.com\\\/avatar\\\/4b4873431efea09c8f10a0eaa0ef2e3d25faf7ec4c9bc4e05370edd482901db2?s=96&d=mm&r=g\",\"caption\":\"m39a\"},\"sameAs\":[\"https:\\\/\\\/kupoge.de\\\/blog\"],\"url\":\"https:\\\/\\\/kupoge.de\\\/blog\\\/author\\\/m39a\\\/\"}]}<\/script>\n<!-- \/ Yoast SEO plugin. -->","yoast_head_json":{"title":"Warum auf die Not warten, um erfinderisch zu werden? - Kulturpolitische Gesellschaft e.V.","description":"Ich m\u00f6chte nicht auf die Not warten, um erfinderisch zu werden. Ich will jetzt \u00fcber Geld reden. Auch wenn es ein langes Gespr\u00e4ch wird.","robots":{"index":"index","follow":"follow","max-snippet":"max-snippet:-1","max-image-preview":"max-image-preview:large","max-video-preview":"max-video-preview:-1"},"canonical":"https:\/\/kupoge.de\/blog\/2021\/05\/12\/warum-auf-die-not-warten-um-erfinderisch-zu-werden\/","og_locale":"de_DE","og_type":"article","og_title":"Warum auf die Not warten, um erfinderisch zu werden?","og_description":"Lea St\u00f6ver","og_url":"https:\/\/kupoge.de\/blog\/2021\/05\/12\/warum-auf-die-not-warten-um-erfinderisch-zu-werden\/","og_site_name":"Kulturpolitische Gesellschaft e.V.","article_published_time":"2021-05-12T14:15:22+00:00","article_modified_time":"2021-05-12T14:19:49+00:00","og_image":[{"width":1501,"height":1074,"url":"https:\/\/kupoge.de\/blog\/wp-content\/uploads\/2021\/05\/pexels-photo-5691602-e1620828813399.jpeg","type":"image\/jpeg"}],"author":"m39a","twitter_card":"summary_large_image","twitter_title":"Warum auf die Not warten, um erfinderisch zu werden?","twitter_description":"Lea St\u00f6ver","twitter_image":"https:\/\/kupoge.de\/blog\/wp-content\/uploads\/2021\/05\/pexels-photo-5691602-e1620828813399.jpeg","twitter_misc":{"Verfasst von":"m39a","Gesch\u00e4tzte Lesezeit":"5\u00a0Minuten"},"schema":{"@context":"https:\/\/schema.org","@graph":[{"@type":"Article","@id":"https:\/\/kupoge.de\/blog\/2021\/05\/12\/warum-auf-die-not-warten-um-erfinderisch-zu-werden\/#article","isPartOf":{"@id":"https:\/\/kupoge.de\/blog\/2021\/05\/12\/warum-auf-die-not-warten-um-erfinderisch-zu-werden\/"},"author":{"name":"m39a","@id":"https:\/\/kupoge.de\/blog\/#\/schema\/person\/cffe05354738d9b4a970fa18adc92aff"},"headline":"Warum auf die Not warten, um erfinderisch zu werden?","datePublished":"2021-05-12T14:15:22+00:00","dateModified":"2021-05-12T14:19:49+00:00","mainEntityOfPage":{"@id":"https:\/\/kupoge.de\/blog\/2021\/05\/12\/warum-auf-die-not-warten-um-erfinderisch-zu-werden\/"},"wordCount":993,"publisher":{"@id":"https:\/\/kupoge.de\/blog\/#organization"},"image":{"@id":"https:\/\/kupoge.de\/blog\/2021\/05\/12\/warum-auf-die-not-warten-um-erfinderisch-zu-werden\/#primaryimage"},"thumbnailUrl":"https:\/\/kupoge.de\/blog\/wp-content\/uploads\/2021\/05\/pexels-photo-5691602-e1620828813399.jpeg","inLanguage":"de"},{"@type":"WebPage","@id":"https:\/\/kupoge.de\/blog\/2021\/05\/12\/warum-auf-die-not-warten-um-erfinderisch-zu-werden\/","url":"https:\/\/kupoge.de\/blog\/2021\/05\/12\/warum-auf-die-not-warten-um-erfinderisch-zu-werden\/","name":"Warum auf die Not warten, um erfinderisch zu werden? - Kulturpolitische Gesellschaft e.V.","isPartOf":{"@id":"https:\/\/kupoge.de\/blog\/#website"},"primaryImageOfPage":{"@id":"https:\/\/kupoge.de\/blog\/2021\/05\/12\/warum-auf-die-not-warten-um-erfinderisch-zu-werden\/#primaryimage"},"image":{"@id":"https:\/\/kupoge.de\/blog\/2021\/05\/12\/warum-auf-die-not-warten-um-erfinderisch-zu-werden\/#primaryimage"},"thumbnailUrl":"https:\/\/kupoge.de\/blog\/wp-content\/uploads\/2021\/05\/pexels-photo-5691602-e1620828813399.jpeg","datePublished":"2021-05-12T14:15:22+00:00","dateModified":"2021-05-12T14:19:49+00:00","description":"Ich m\u00f6chte nicht auf die Not warten, um erfinderisch zu werden. Ich will jetzt \u00fcber Geld reden. Auch wenn es ein langes Gespr\u00e4ch wird.","breadcrumb":{"@id":"https:\/\/kupoge.de\/blog\/2021\/05\/12\/warum-auf-die-not-warten-um-erfinderisch-zu-werden\/#breadcrumb"},"inLanguage":"de","potentialAction":[{"@type":"ReadAction","target":["https:\/\/kupoge.de\/blog\/2021\/05\/12\/warum-auf-die-not-warten-um-erfinderisch-zu-werden\/"]}]},{"@type":"ImageObject","inLanguage":"de","@id":"https:\/\/kupoge.de\/blog\/2021\/05\/12\/warum-auf-die-not-warten-um-erfinderisch-zu-werden\/#primaryimage","url":"https:\/\/kupoge.de\/blog\/wp-content\/uploads\/2021\/05\/pexels-photo-5691602-e1620828813399.jpeg","contentUrl":"https:\/\/kupoge.de\/blog\/wp-content\/uploads\/2021\/05\/pexels-photo-5691602-e1620828813399.jpeg","width":1501,"height":1074,"caption":"Foto: Ksenia Chernaya"},{"@type":"BreadcrumbList","@id":"https:\/\/kupoge.de\/blog\/2021\/05\/12\/warum-auf-die-not-warten-um-erfinderisch-zu-werden\/#breadcrumb","itemListElement":[{"@type":"ListItem","position":1,"name":"Startseite","item":"https:\/\/kupoge.de\/blog\/"},{"@type":"ListItem","position":2,"name":"Warum auf die Not warten, um erfinderisch zu werden?"}]},{"@type":"WebSite","@id":"https:\/\/kupoge.de\/blog\/#website","url":"https:\/\/kupoge.de\/blog\/","name":"Kulturpolitische Gesellschaft e.V.","description":"","publisher":{"@id":"https:\/\/kupoge.de\/blog\/#organization"},"potentialAction":[{"@type":"SearchAction","target":{"@type":"EntryPoint","urlTemplate":"https:\/\/kupoge.de\/blog\/?s={search_term_string}"},"query-input":{"@type":"PropertyValueSpecification","valueRequired":true,"valueName":"search_term_string"}}],"inLanguage":"de"},{"@type":"Organization","@id":"https:\/\/kupoge.de\/blog\/#organization","name":"Kulturpolitische Gesellschaft e.V.","url":"https:\/\/kupoge.de\/blog\/","logo":{"@type":"ImageObject","inLanguage":"de","@id":"https:\/\/kupoge.de\/blog\/#\/schema\/logo\/image\/","url":"https:\/\/kupoge.de\/blog\/wp-content\/uploads\/2020\/11\/cropped-kupoge-logo.png","contentUrl":"https:\/\/kupoge.de\/blog\/wp-content\/uploads\/2020\/11\/cropped-kupoge-logo.png","width":503,"height":63,"caption":"Kulturpolitische Gesellschaft e.V."},"image":{"@id":"https:\/\/kupoge.de\/blog\/#\/schema\/logo\/image\/"}},{"@type":"Person","@id":"https:\/\/kupoge.de\/blog\/#\/schema\/person\/cffe05354738d9b4a970fa18adc92aff","name":"m39a","image":{"@type":"ImageObject","inLanguage":"de","@id":"https:\/\/secure.gravatar.com\/avatar\/4b4873431efea09c8f10a0eaa0ef2e3d25faf7ec4c9bc4e05370edd482901db2?s=96&d=mm&r=g","url":"https:\/\/secure.gravatar.com\/avatar\/4b4873431efea09c8f10a0eaa0ef2e3d25faf7ec4c9bc4e05370edd482901db2?s=96&d=mm&r=g","contentUrl":"https:\/\/secure.gravatar.com\/avatar\/4b4873431efea09c8f10a0eaa0ef2e3d25faf7ec4c9bc4e05370edd482901db2?s=96&d=mm&r=g","caption":"m39a"},"sameAs":["https:\/\/kupoge.de\/blog"],"url":"https:\/\/kupoge.de\/blog\/author\/m39a\/"}]}},"uagb_featured_image_src":{"full":["https:\/\/kupoge.de\/blog\/wp-content\/uploads\/2021\/05\/pexels-photo-5691602-e1620828813399.jpeg",1501,1074,false],"thumbnail":["https:\/\/kupoge.de\/blog\/wp-content\/uploads\/2021\/05\/pexels-photo-5691602-e1620828813399-150x150.jpeg",150,150,true],"medium":["https:\/\/kupoge.de\/blog\/wp-content\/uploads\/2021\/05\/pexels-photo-5691602-e1620828813399-300x215.jpeg",300,215,true],"medium_large":["https:\/\/kupoge.de\/blog\/wp-content\/uploads\/2021\/05\/pexels-photo-5691602-e1620828813399-768x550.jpeg",580,415,true],"large":["https:\/\/kupoge.de\/blog\/wp-content\/uploads\/2021\/05\/pexels-photo-5691602-e1620828813399-1024x733.jpeg",580,415,true],"1536x1536":["https:\/\/kupoge.de\/blog\/wp-content\/uploads\/2021\/05\/pexels-photo-5691602-1025x1536.jpeg",1025,1536,true],"2048x2048":["https:\/\/kupoge.de\/blog\/wp-content\/uploads\/2021\/05\/pexels-photo-5691602-1367x2048.jpeg",1367,2048,true],"post-thumbnail":["https:\/\/kupoge.de\/blog\/wp-content\/uploads\/2021\/05\/pexels-photo-5691602-e1620828813399-1200x859.jpeg",1200,859,true],"twentytwenty-fullscreen":["https:\/\/kupoge.de\/blog\/wp-content\/uploads\/2021\/05\/pexels-photo-5691602-e1620828813399.jpeg",1501,1074,false]},"uagb_author_info":{"display_name":"m39a","author_link":"https:\/\/kupoge.de\/blog\/author\/m39a\/"},"uagb_comment_info":0,"uagb_excerpt":"Lea St\u00f6ver","_links":{"self":[{"href":"https:\/\/kupoge.de\/blog\/wp-json\/wp\/v2\/posts\/924","targetHints":{"allow":["GET"]}}],"collection":[{"href":"https:\/\/kupoge.de\/blog\/wp-json\/wp\/v2\/posts"}],"about":[{"href":"https:\/\/kupoge.de\/blog\/wp-json\/wp\/v2\/types\/post"}],"author":[{"embeddable":true,"href":"https:\/\/kupoge.de\/blog\/wp-json\/wp\/v2\/users\/1"}],"replies":[{"embeddable":true,"href":"https:\/\/kupoge.de\/blog\/wp-json\/wp\/v2\/comments?post=924"}],"version-history":[{"count":3,"href":"https:\/\/kupoge.de\/blog\/wp-json\/wp\/v2\/posts\/924\/revisions"}],"predecessor-version":[{"id":929,"href":"https:\/\/kupoge.de\/blog\/wp-json\/wp\/v2\/posts\/924\/revisions\/929"}],"wp:featuredmedia":[{"embeddable":true,"href":"https:\/\/kupoge.de\/blog\/wp-json\/wp\/v2\/media\/927"}],"wp:attachment":[{"href":"https:\/\/kupoge.de\/blog\/wp-json\/wp\/v2\/media?parent=924"}],"wp:term":[{"taxonomy":"category","embeddable":true,"href":"https:\/\/kupoge.de\/blog\/wp-json\/wp\/v2\/categories?post=924"},{"taxonomy":"post_tag","embeddable":true,"href":"https:\/\/kupoge.de\/blog\/wp-json\/wp\/v2\/tags?post=924"}],"curies":[{"name":"wp","href":"https:\/\/api.w.org\/{rel}","templated":true}]}}